{"id":7079,"date":"2016-08-12T19:05:48","date_gmt":"2016-08-12T22:05:48","guid":{"rendered":"https:\/\/eldiariodesanpedro.com.ar\/sitio\/?p=7079"},"modified":"2016-08-12T19:05:48","modified_gmt":"2016-08-12T22:05:48","slug":"intendente-cecilio-salazar-visito-el-barrio-el-argentino","status":"publish","type":"post","link":"https:\/\/eldiariodesanpedro.com.ar\/sitio\/intendente-cecilio-salazar-visito-el-barrio-el-argentino\/","title":{"rendered":"Intendente Cecilio Salazar visit\u00f3 el barrio El Argentino"},"content":{"rendered":"<p><!-- VideographyWP Plugin Message: Automatic video embedding prevented by plugin options. --><br \/>\nEn la ma\u00f1ana el mandatario comunal visit\u00f3 el barrio El Argentino, donde trabaja personal de la Secretar\u00eda de Obras P\u00fablicas. Junto al director de Servicios P\u00fablicos, Ariel \u00c1lvarez, caminaron la calle Brennan, abierta recientemente. La apertura y entoscado de la arteria garantiza la llegada de servicios de primera necesidad, como el alumbrado p\u00fablico, red el\u00e9ctrica y gas. Los vecinos aprovecharon la recorrida para dialogar con el jefe comunal sobre las necesidades del barrio y destacar las \u00faltimas tareas realizadas en la zona.<\/p>\n","protected":false},"excerpt":{"rendered":"<p>En la ma\u00f1ana el mandatario comunal visit\u00f3 el barrio El Argentino, donde trabaja personal de la Secretar\u00eda de Obras P\u00fablicas. Junto al director de Servicios P\u00fablicos, Ariel \u00c1lvarez, caminaron la calle Brennan, abierta recientemente. La apertura y entoscado de la arteria garantiza la llegada de servicios de primera necesidad, como el alumbrado p\u00fablico, red el\u00e9ctrica [&hellip;]<\/p>\n","protected":false},"author":4,"featured_media":7080,"comment_status":"open","ping_status":"closed","sticky":false,"template":"","format":"standard","meta":{"om_disable_all_campaigns":false,"_jetpack_memberships_contains_paid_content":false,"footnotes":""},"categories":[50,2,102],"tags":[],"class_list":["post-7079","post","type-post","status-publish","format-standard","has-post-thumbnail","hentry","category-destacadas","category-locales","category-politica-locales"],"aioseo_notices":[],"gutentor_comment":0,"jetpack_featured_media_url":"https:\/\/eldiariodesanpedro.com.ar\/sitio\/wp-content\/uploads\/2016\/08\/salazar-en-el-argentino.jpg","jetpack_shortlink":"https:\/\/wp.me\/p6RhLt-1Qb","jetpack_sharing_enabled":true,"_links":{"self":[{"href":"https:\/\/eldiariodesanpedro.com.ar\/sitio\/wp-json\/wp\/v2\/posts\/7079","targetHints":{"allow":["GET"]}}],"collection":[{"href":"https:\/\/eldiariodesanpedro.com.ar\/sitio\/wp-json\/wp\/v2\/posts"}],"about":[{"href":"https:\/\/eldiariodesanpedro.com.ar\/sitio\/wp-json\/wp\/v2\/types\/post"}],"author":[{"embeddable":true,"href":"https:\/\/eldiariodesanpedro.com.ar\/sitio\/wp-json\/wp\/v2\/users\/4"}],"replies":[{"embeddable":true,"href":"https:\/\/eldiariodesanpedro.com.ar\/sitio\/wp-json\/wp\/v2\/comments?post=7079"}],"version-history":[{"count":1,"href":"https:\/\/eldiariodesanpedro.com.ar\/sitio\/wp-json\/wp\/v2\/posts\/7079\/revisions"}],"predecessor-version":[{"id":7081,"href":"https:\/\/eldiariodesanpedro.com.ar\/sitio\/wp-json\/wp\/v2\/posts\/7079\/revisions\/7081"}],"wp:featuredmedia":[{"embeddable":true,"href":"https:\/\/eldiariodesanpedro.com.ar\/sitio\/wp-json\/wp\/v2\/media\/7080"}],"wp:attachment":[{"href":"https:\/\/eldiariodesanpedro.com.ar\/sitio\/wp-json\/wp\/v2\/media?parent=7079"}],"wp:term":[{"taxonomy":"category","embeddable":true,"href":"https:\/\/eldiariodesanpedro.com.ar\/sitio\/wp-json\/wp\/v2\/categories?post=7079"},{"taxonomy":"post_tag","embeddable":true,"href":"https:\/\/eldiariodesanpedro.com.ar\/sitio\/wp-json\/wp\/v2\/tags?post=7079"}],"curies":[{"name":"wp","href":"https:\/\/api.w.org\/{rel}","templated":true}]}}