{"id":7076,"date":"2016-08-12T19:04:07","date_gmt":"2016-08-12T22:04:07","guid":{"rendered":"https:\/\/eldiariodesanpedro.com.ar\/sitio\/?p=7076"},"modified":"2016-08-12T19:04:07","modified_gmt":"2016-08-12T22:04:07","slug":"capacitacion-a-inspectores-municipales","status":"publish","type":"post","link":"https:\/\/eldiariodesanpedro.com.ar\/sitio\/capacitacion-a-inspectores-municipales\/","title":{"rendered":"Capacitaci\u00f3n a inspectores municipales"},"content":{"rendered":"<p><!-- VideographyWP Plugin Message: Automatic video embedding prevented by plugin options. --><br \/>\nSe realiz\u00f3 una capacitaci\u00f3n a los nuevos inspectores que trabajan en nuestra ciudad, en este caso sobre Atenci\u00f3n Primaria, Primeros Auxilios y RCP.<br \/>\nLa capacitaci\u00f3n fue llevada a cabo por Bomberos Voluntarios de nuestra ciudad, a cargo del instructor Rom\u00e1n Montenegro.<br \/>\n\u201cSeguimos trabajando en conjunto y con especialistas en distintas \u00e1reas, para lograr que nuestras fuerzas de seguridad se profesionalicen y hagan su labor cada d\u00eda mejor\u201d, manifestaron desde el Municipio en un comunicado.<\/p>\n","protected":false},"excerpt":{"rendered":"<p>Se realiz\u00f3 una capacitaci\u00f3n a los nuevos inspectores que trabajan en nuestra ciudad, en este caso sobre Atenci\u00f3n Primaria, Primeros Auxilios y RCP. La capacitaci\u00f3n fue llevada a cabo por Bomberos Voluntarios de nuestra ciudad, a cargo del instructor Rom\u00e1n Montenegro. \u201cSeguimos trabajando en conjunto y con especialistas en distintas \u00e1reas, para lograr que nuestras [&hellip;]<\/p>\n","protected":false},"author":4,"featured_media":7077,"comment_status":"open","ping_status":"closed","sticky":false,"template":"","format":"standard","meta":{"om_disable_all_campaigns":false,"_jetpack_memberships_contains_paid_content":false,"footnotes":""},"categories":[50,101,2],"tags":[],"class_list":["post-7076","post","type-post","status-publish","format-standard","has-post-thumbnail","hentry","category-destacadas","category-interes-general-locales","category-locales"],"aioseo_notices":[],"gutentor_comment":0,"jetpack_featured_media_url":"https:\/\/eldiariodesanpedro.com.ar\/sitio\/wp-content\/uploads\/2016\/08\/Capacitacion-inspectores.jpg","jetpack_shortlink":"https:\/\/wp.me\/p6RhLt-1Q8","jetpack_sharing_enabled":true,"_links":{"self":[{"href":"https:\/\/eldiariodesanpedro.com.ar\/sitio\/wp-json\/wp\/v2\/posts\/7076","targetHints":{"allow":["GET"]}}],"collection":[{"href":"https:\/\/eldiariodesanpedro.com.ar\/sitio\/wp-json\/wp\/v2\/posts"}],"about":[{"href":"https:\/\/eldiariodesanpedro.com.ar\/sitio\/wp-json\/wp\/v2\/types\/post"}],"author":[{"embeddable":true,"href":"https:\/\/eldiariodesanpedro.com.ar\/sitio\/wp-json\/wp\/v2\/users\/4"}],"replies":[{"embeddable":true,"href":"https:\/\/eldiariodesanpedro.com.ar\/sitio\/wp-json\/wp\/v2\/comments?post=7076"}],"version-history":[{"count":1,"href":"https:\/\/eldiariodesanpedro.com.ar\/sitio\/wp-json\/wp\/v2\/posts\/7076\/revisions"}],"predecessor-version":[{"id":7078,"href":"https:\/\/eldiariodesanpedro.com.ar\/sitio\/wp-json\/wp\/v2\/posts\/7076\/revisions\/7078"}],"wp:featuredmedia":[{"embeddable":true,"href":"https:\/\/eldiariodesanpedro.com.ar\/sitio\/wp-json\/wp\/v2\/media\/7077"}],"wp:attachment":[{"href":"https:\/\/eldiariodesanpedro.com.ar\/sitio\/wp-json\/wp\/v2\/media?parent=7076"}],"wp:term":[{"taxonomy":"category","embeddable":true,"href":"https:\/\/eldiariodesanpedro.com.ar\/sitio\/wp-json\/wp\/v2\/categories?post=7076"},{"taxonomy":"post_tag","embeddable":true,"href":"https:\/\/eldiariodesanpedro.com.ar\/sitio\/wp-json\/wp\/v2\/tags?post=7076"}],"curies":[{"name":"wp","href":"https:\/\/api.w.org\/{rel}","templated":true}]}}