{"id":7073,"date":"2016-08-12T19:02:55","date_gmt":"2016-08-12T22:02:55","guid":{"rendered":"https:\/\/eldiariodesanpedro.com.ar\/sitio\/?p=7073"},"modified":"2016-08-12T19:02:55","modified_gmt":"2016-08-12T22:02:55","slug":"san-pedro-esta-mas-cerca-de-un-nuevo-plan-de-viviendas","status":"publish","type":"post","link":"https:\/\/eldiariodesanpedro.com.ar\/sitio\/san-pedro-esta-mas-cerca-de-un-nuevo-plan-de-viviendas\/","title":{"rendered":"\u201cSan Pedro est\u00e1 m\u00e1s cerca de un nuevo plan de viviendas\u201d"},"content":{"rendered":"<p><!-- VideographyWP Plugin Message: Automatic video embedding prevented by plugin options. --><br \/>\nDespu\u00e9s de un encuentro que mantuvo el intendente Cecilio Salazar con el administrador del Instituto de la Vivienda de la Provincia, Evert Van Tooren, \u201cSan Pedro est\u00e1 m\u00e1s cerca de un nuevo plan de viviendas\u201d, explicaron desde el Municipio mediante un comunicado.<br \/>\nRevelaron que el objetivo es \u201csolucionar el d\u00e9ficit habitacional y concretar la finalizaci\u00f3n del Plan Nacional 88 Viviendas, en el marco del programa Techo Digno. De concretar esta iniciativa, beneficiar\u00e1 a decenas de familias y mejorar\u00e1 la calidad de vida de nuestros vecinos\u201d.<br \/>\n\u201cSeguimos trabajando junto a Provincia y Naci\u00f3n, unidos seguimos construyendo futuro\u201d, aseguraron en la informaci\u00f3n de prensa.<\/p>\n","protected":false},"excerpt":{"rendered":"<p>Despu\u00e9s de un encuentro que mantuvo el intendente Cecilio Salazar con el administrador del Instituto de la Vivienda de la Provincia, Evert Van Tooren, \u201cSan Pedro est\u00e1 m\u00e1s cerca de un nuevo plan de viviendas\u201d, explicaron desde el Municipio mediante un comunicado. Revelaron que el objetivo es \u201csolucionar el d\u00e9ficit habitacional y concretar la finalizaci\u00f3n [&hellip;]<\/p>\n","protected":false},"author":4,"featured_media":7074,"comment_status":"open","ping_status":"closed","sticky":false,"template":"","format":"standard","meta":{"om_disable_all_campaigns":false,"_jetpack_memberships_contains_paid_content":false,"footnotes":""},"categories":[2,102],"tags":[],"class_list":["post-7073","post","type-post","status-publish","format-standard","has-post-thumbnail","hentry","category-locales","category-politica-locales"],"aioseo_notices":[],"gutentor_comment":0,"jetpack_featured_media_url":"https:\/\/eldiariodesanpedro.com.ar\/sitio\/wp-content\/uploads\/2016\/08\/PAGINA-5-4.jpg","jetpack_shortlink":"https:\/\/wp.me\/p6RhLt-1Q5","jetpack_sharing_enabled":true,"_links":{"self":[{"href":"https:\/\/eldiariodesanpedro.com.ar\/sitio\/wp-json\/wp\/v2\/posts\/7073","targetHints":{"allow":["GET"]}}],"collection":[{"href":"https:\/\/eldiariodesanpedro.com.ar\/sitio\/wp-json\/wp\/v2\/posts"}],"about":[{"href":"https:\/\/eldiariodesanpedro.com.ar\/sitio\/wp-json\/wp\/v2\/types\/post"}],"author":[{"embeddable":true,"href":"https:\/\/eldiariodesanpedro.com.ar\/sitio\/wp-json\/wp\/v2\/users\/4"}],"replies":[{"embeddable":true,"href":"https:\/\/eldiariodesanpedro.com.ar\/sitio\/wp-json\/wp\/v2\/comments?post=7073"}],"version-history":[{"count":1,"href":"https:\/\/eldiariodesanpedro.com.ar\/sitio\/wp-json\/wp\/v2\/posts\/7073\/revisions"}],"predecessor-version":[{"id":7075,"href":"https:\/\/eldiariodesanpedro.com.ar\/sitio\/wp-json\/wp\/v2\/posts\/7073\/revisions\/7075"}],"wp:featuredmedia":[{"embeddable":true,"href":"https:\/\/eldiariodesanpedro.com.ar\/sitio\/wp-json\/wp\/v2\/media\/7074"}],"wp:attachment":[{"href":"https:\/\/eldiariodesanpedro.com.ar\/sitio\/wp-json\/wp\/v2\/media?parent=7073"}],"wp:term":[{"taxonomy":"category","embeddable":true,"href":"https:\/\/eldiariodesanpedro.com.ar\/sitio\/wp-json\/wp\/v2\/categories?post=7073"},{"taxonomy":"post_tag","embeddable":true,"href":"https:\/\/eldiariodesanpedro.com.ar\/sitio\/wp-json\/wp\/v2\/tags?post=7073"}],"curies":[{"name":"wp","href":"https:\/\/api.w.org\/{rel}","templated":true}]}}