{"id":7070,"date":"2016-08-12T18:59:47","date_gmt":"2016-08-12T21:59:47","guid":{"rendered":"https:\/\/eldiariodesanpedro.com.ar\/sitio\/?p=7070"},"modified":"2016-08-12T18:59:47","modified_gmt":"2016-08-12T21:59:47","slug":"se-realiza-este-fin-de-semana-la-kermese-aleteando-suenos","status":"publish","type":"post","link":"https:\/\/eldiariodesanpedro.com.ar\/sitio\/se-realiza-este-fin-de-semana-la-kermese-aleteando-suenos\/","title":{"rendered":"Se realiza este fin de semana la kermese \u201cAleteando sue\u00f1os\u201d"},"content":{"rendered":"<p><!-- VideographyWP Plugin Message: Automatic video embedding prevented by plugin options. --><br \/>\nLa iniciativa que tendr\u00e1 lugar el pr\u00f3ximo domingo es una iniciativa de un grupo de amigos y colaboradores de la instituci\u00f3n.<br \/>\n\u201cEs maravilloso todo lo que ya se est\u00e1 viviendo con la solidaridad de vecinos, comerciantes, j\u00f3venes y chicos que est\u00e1n prestando su ayuda en cualquiera de las formas posibles\u201d, explican los organizadores en un comunicado. Y agregan: \u201cQueremos invitarlos a todos a ser part\u00edcipes de una jornada que promete juegos, shows, ferias, sorteos y lo m\u00e1s importante compartir momentos con amigos y en familia, todos por un mismo objetivo: ayudar a los que no tienen nuestras mismas posibilidades.<br \/>\nPara ello el Hogar abrir\u00e1 sus puertas (con ingreso por calle Rivadavia) invitando a los asistentes a recorrerlo y conocerlo\u201d.<br \/>\nSe cobrar\u00e1 una entrada m\u00ednima: $30 los adultos y $20 los chicos (con la entrada los menores acceden a dos juegos gratis).Adem\u00e1s, al jugar los chicos ir\u00e1n sumando puntos que luego podr\u00e1n canjear por premios. Las anticipadas ya se est\u00e1n vendiendo.<br \/>\nLa grilla de espect\u00e1culos comenzar\u00e1 a las 13:45 con el mago Blackie, seguir\u00e1 \u201cCocineritos\u201d con Matilde Martoccia a las 14:30. Luego cantar\u00e1 con los chicos Coraz\u00f3n de Arco Iris, seguir\u00e1 un show de clown y el cierre con Tambores sin Fronteras.<br \/>\nAdem\u00e1s, se dispondr\u00e1 de una cantina desde el mediod\u00eda ofreciendo almuerzos, bebidas, tortas, pochoclos, entre otros.<br \/>\n\u201cLa feria de emprendedores promete ser encantadora, con art\u00edculos de diversos rubros: gastronom\u00eda, indumentaria, artesan\u00edas en porcelana, decoupage, etc. Y habr\u00e1 un stand del propio Hogar, con productos donados para que lo recaudado quede para la hist\u00f3rica instituci\u00f3n sampedrina\u201d, se\u00f1alan a su vez. Por \u00faltimo agregan: \u201c\u00a1Sumate! Estos chicos necesitan \u00c1ngeles que les ayuden a desplegar sus alas para alg\u00fan d\u00eda, poder volar\u201d.<\/p>\n","protected":false},"excerpt":{"rendered":"<p>La iniciativa que tendr\u00e1 lugar el pr\u00f3ximo domingo es una iniciativa de un grupo de amigos y colaboradores de la instituci\u00f3n. \u201cEs maravilloso todo lo que ya se est\u00e1 viviendo con la solidaridad de vecinos, comerciantes, j\u00f3venes y chicos que est\u00e1n prestando su ayuda en cualquiera de las formas posibles\u201d, explican los organizadores en un [&hellip;]<\/p>\n","protected":false},"author":4,"featured_media":7071,"comment_status":"open","ping_status":"closed","sticky":false,"template":"","format":"standard","meta":{"om_disable_all_campaigns":false,"_jetpack_memberships_contains_paid_content":false,"footnotes":""},"categories":[101,2],"tags":[],"class_list":["post-7070","post","type-post","status-publish","format-standard","has-post-thumbnail","hentry","category-interes-general-locales","category-locales"],"aioseo_notices":[],"gutentor_comment":0,"jetpack_featured_media_url":"https:\/\/eldiariodesanpedro.com.ar\/sitio\/wp-content\/uploads\/2016\/08\/kermes-hogar-gomendio-recortada.jpg","jetpack_shortlink":"https:\/\/wp.me\/p6RhLt-1Q2","jetpack_sharing_enabled":true,"_links":{"self":[{"href":"https:\/\/eldiariodesanpedro.com.ar\/sitio\/wp-json\/wp\/v2\/posts\/7070","targetHints":{"allow":["GET"]}}],"collection":[{"href":"https:\/\/eldiariodesanpedro.com.ar\/sitio\/wp-json\/wp\/v2\/posts"}],"about":[{"href":"https:\/\/eldiariodesanpedro.com.ar\/sitio\/wp-json\/wp\/v2\/types\/post"}],"author":[{"embeddable":true,"href":"https:\/\/eldiariodesanpedro.com.ar\/sitio\/wp-json\/wp\/v2\/users\/4"}],"replies":[{"embeddable":true,"href":"https:\/\/eldiariodesanpedro.com.ar\/sitio\/wp-json\/wp\/v2\/comments?post=7070"}],"version-history":[{"count":1,"href":"https:\/\/eldiariodesanpedro.com.ar\/sitio\/wp-json\/wp\/v2\/posts\/7070\/revisions"}],"predecessor-version":[{"id":7072,"href":"https:\/\/eldiariodesanpedro.com.ar\/sitio\/wp-json\/wp\/v2\/posts\/7070\/revisions\/7072"}],"wp:featuredmedia":[{"embeddable":true,"href":"https:\/\/eldiariodesanpedro.com.ar\/sitio\/wp-json\/wp\/v2\/media\/7071"}],"wp:attachment":[{"href":"https:\/\/eldiariodesanpedro.com.ar\/sitio\/wp-json\/wp\/v2\/media?parent=7070"}],"wp:term":[{"taxonomy":"category","embeddable":true,"href":"https:\/\/eldiariodesanpedro.com.ar\/sitio\/wp-json\/wp\/v2\/categories?post=7070"},{"taxonomy":"post_tag","embeddable":true,"href":"https:\/\/eldiariodesanpedro.com.ar\/sitio\/wp-json\/wp\/v2\/tags?post=7070"}],"curies":[{"name":"wp","href":"https:\/\/api.w.org\/{rel}","templated":true}]}}