{"id":7065,"date":"2016-08-12T18:58:22","date_gmt":"2016-08-12T21:58:22","guid":{"rendered":"https:\/\/eldiariodesanpedro.com.ar\/sitio\/?p=7065"},"modified":"2016-08-12T18:58:37","modified_gmt":"2016-08-12T21:58:37","slug":"fallecimiento-del-general-san-martin","status":"publish","type":"post","link":"https:\/\/eldiariodesanpedro.com.ar\/sitio\/fallecimiento-del-general-san-martin\/","title":{"rendered":"Actos en conmemoraci\u00f3n del fallecimiento del general San Mart\u00edn"},"content":{"rendered":"<p><!-- VideographyWP Plugin Message: Automatic video embedding prevented by plugin options. --><br \/>\nLa Municipalidad de San Pedro y la Asociaci\u00f3n Cultural Sanmartiniana invitan a Ud. a participar de los Actos en Conmemoraci\u00f3n por el 166\u00ba Aniversario del Fallecimiento del Libertador de la Patria, el General Don Jos\u00e9 de San Mart\u00edn.<br \/>\nLos mismos se llevar\u00e1n a cabo el Domingo 14 de Agosto a las 10:00 hs en la Plaza San Mart\u00edn de la localidad de Santa Luc\u00eda, y posteriormente el Mi\u00e9rcoles 17 de Agosto, a las 14:45 hs, en la Plaza Constituci\u00f3n de la Ciudad de San Pedro.<\/p>\n","protected":false},"excerpt":{"rendered":"<p>La Municipalidad de San Pedro y la Asociaci\u00f3n Cultural Sanmartiniana invitan a Ud. a participar de los Actos en Conmemoraci\u00f3n por el 166\u00ba Aniversario del Fallecimiento del Libertador de la Patria, el General Don Jos\u00e9 de San Mart\u00edn. Los mismos se llevar\u00e1n a cabo el Domingo 14 de Agosto a las 10:00 hs en la [&hellip;]<\/p>\n","protected":false},"author":4,"featured_media":7067,"comment_status":"open","ping_status":"closed","sticky":false,"template":"","format":"standard","meta":{"om_disable_all_campaigns":false,"_jetpack_memberships_contains_paid_content":false,"footnotes":""},"categories":[101,2],"tags":[],"class_list":["post-7065","post","type-post","status-publish","format-standard","has-post-thumbnail","hentry","category-interes-general-locales","category-locales"],"aioseo_notices":[],"gutentor_comment":0,"jetpack_featured_media_url":"https:\/\/eldiariodesanpedro.com.ar\/sitio\/wp-content\/uploads\/2016\/08\/San-Martin.jpg","jetpack_shortlink":"https:\/\/wp.me\/p6RhLt-1PX","jetpack_sharing_enabled":true,"_links":{"self":[{"href":"https:\/\/eldiariodesanpedro.com.ar\/sitio\/wp-json\/wp\/v2\/posts\/7065","targetHints":{"allow":["GET"]}}],"collection":[{"href":"https:\/\/eldiariodesanpedro.com.ar\/sitio\/wp-json\/wp\/v2\/posts"}],"about":[{"href":"https:\/\/eldiariodesanpedro.com.ar\/sitio\/wp-json\/wp\/v2\/types\/post"}],"author":[{"embeddable":true,"href":"https:\/\/eldiariodesanpedro.com.ar\/sitio\/wp-json\/wp\/v2\/users\/4"}],"replies":[{"embeddable":true,"href":"https:\/\/eldiariodesanpedro.com.ar\/sitio\/wp-json\/wp\/v2\/comments?post=7065"}],"version-history":[{"count":3,"href":"https:\/\/eldiariodesanpedro.com.ar\/sitio\/wp-json\/wp\/v2\/posts\/7065\/revisions"}],"predecessor-version":[{"id":7069,"href":"https:\/\/eldiariodesanpedro.com.ar\/sitio\/wp-json\/wp\/v2\/posts\/7065\/revisions\/7069"}],"wp:featuredmedia":[{"embeddable":true,"href":"https:\/\/eldiariodesanpedro.com.ar\/sitio\/wp-json\/wp\/v2\/media\/7067"}],"wp:attachment":[{"href":"https:\/\/eldiariodesanpedro.com.ar\/sitio\/wp-json\/wp\/v2\/media?parent=7065"}],"wp:term":[{"taxonomy":"category","embeddable":true,"href":"https:\/\/eldiariodesanpedro.com.ar\/sitio\/wp-json\/wp\/v2\/categories?post=7065"},{"taxonomy":"post_tag","embeddable":true,"href":"https:\/\/eldiariodesanpedro.com.ar\/sitio\/wp-json\/wp\/v2\/tags?post=7065"}],"curies":[{"name":"wp","href":"https:\/\/api.w.org\/{rel}","templated":true}]}}