{"id":7062,"date":"2016-08-12T18:51:47","date_gmt":"2016-08-12T21:51:47","guid":{"rendered":"https:\/\/eldiariodesanpedro.com.ar\/sitio\/?p=7062"},"modified":"2016-08-12T18:51:47","modified_gmt":"2016-08-12T21:51:47","slug":"san-pedro-participo-de-expoeventos","status":"publish","type":"post","link":"https:\/\/eldiariodesanpedro.com.ar\/sitio\/san-pedro-participo-de-expoeventos\/","title":{"rendered":"San Pedro particip\u00f3 de \u00abexpoeventos\u00bb"},"content":{"rendered":"<p><!-- VideographyWP Plugin Message: Automatic video embedding prevented by plugin options. --><br \/>\nLa feria se desarroll\u00f3 entre el 9 y 11 de agosto, en el predio de Costa Salguero. Este a\u00f1o cont\u00f3 con m\u00e1s de 200 expositores y una concurrencia estimada en alrededor de 7.000 personas.<br \/>\nTambi\u00e9n sirvi\u00f3 de marco para la realizaci\u00f3n de las cl\u00e1sicas rondas de negocios, en las que participaron 50 grandes compradores de paquetes de viajes argentinos y algo m\u00e1s de 60 de distintos pa\u00edses del mundo.<br \/>\nSan Pedro estuvo presente a trav\u00e9s de la Direcci\u00f3n de Turismo. Se mostr\u00f3 a la ciudad predispuesta a recibir turismo de reuniones, encuentros corporativos, eventos que en general se desarrollan en d\u00edas de semana.<br \/>\nAlgunos prestadores de servicios asistieron a reuniones programadas con antelaci\u00f3n para tener un v\u00ednculo directo con los interesados.<br \/>\nAsimismo, se mostr\u00f3 un video donde se puede observar los distintos salones, alojamiento e infraestructura con la que cuenta la ciudad y se brind\u00f3 folleter\u00eda especialmente dise\u00f1ada para este encuentro.<\/p>\n","protected":false},"excerpt":{"rendered":"<p>La feria se desarroll\u00f3 entre el 9 y 11 de agosto, en el predio de Costa Salguero. Este a\u00f1o cont\u00f3 con m\u00e1s de 200 expositores y una concurrencia estimada en alrededor de 7.000 personas. Tambi\u00e9n sirvi\u00f3 de marco para la realizaci\u00f3n de las cl\u00e1sicas rondas de negocios, en las que participaron 50 grandes compradores de [&hellip;]<\/p>\n","protected":false},"author":4,"featured_media":7063,"comment_status":"open","ping_status":"closed","sticky":false,"template":"","format":"standard","meta":{"om_disable_all_campaigns":false,"_jetpack_memberships_contains_paid_content":false,"footnotes":""},"categories":[50,101,2],"tags":[],"class_list":["post-7062","post","type-post","status-publish","format-standard","has-post-thumbnail","hentry","category-destacadas","category-interes-general-locales","category-locales"],"aioseo_notices":[],"gutentor_comment":0,"jetpack_featured_media_url":"https:\/\/eldiariodesanpedro.com.ar\/sitio\/wp-content\/uploads\/2016\/08\/PAGINA-4-4.jpg","jetpack_shortlink":"https:\/\/wp.me\/p6RhLt-1PU","jetpack_sharing_enabled":true,"_links":{"self":[{"href":"https:\/\/eldiariodesanpedro.com.ar\/sitio\/wp-json\/wp\/v2\/posts\/7062","targetHints":{"allow":["GET"]}}],"collection":[{"href":"https:\/\/eldiariodesanpedro.com.ar\/sitio\/wp-json\/wp\/v2\/posts"}],"about":[{"href":"https:\/\/eldiariodesanpedro.com.ar\/sitio\/wp-json\/wp\/v2\/types\/post"}],"author":[{"embeddable":true,"href":"https:\/\/eldiariodesanpedro.com.ar\/sitio\/wp-json\/wp\/v2\/users\/4"}],"replies":[{"embeddable":true,"href":"https:\/\/eldiariodesanpedro.com.ar\/sitio\/wp-json\/wp\/v2\/comments?post=7062"}],"version-history":[{"count":1,"href":"https:\/\/eldiariodesanpedro.com.ar\/sitio\/wp-json\/wp\/v2\/posts\/7062\/revisions"}],"predecessor-version":[{"id":7064,"href":"https:\/\/eldiariodesanpedro.com.ar\/sitio\/wp-json\/wp\/v2\/posts\/7062\/revisions\/7064"}],"wp:featuredmedia":[{"embeddable":true,"href":"https:\/\/eldiariodesanpedro.com.ar\/sitio\/wp-json\/wp\/v2\/media\/7063"}],"wp:attachment":[{"href":"https:\/\/eldiariodesanpedro.com.ar\/sitio\/wp-json\/wp\/v2\/media?parent=7062"}],"wp:term":[{"taxonomy":"category","embeddable":true,"href":"https:\/\/eldiariodesanpedro.com.ar\/sitio\/wp-json\/wp\/v2\/categories?post=7062"},{"taxonomy":"post_tag","embeddable":true,"href":"https:\/\/eldiariodesanpedro.com.ar\/sitio\/wp-json\/wp\/v2\/tags?post=7062"}],"curies":[{"name":"wp","href":"https:\/\/api.w.org\/{rel}","templated":true}]}}