{"id":7015,"date":"2016-08-10T20:10:45","date_gmt":"2016-08-10T23:10:45","guid":{"rendered":"https:\/\/eldiariodesanpedro.com.ar\/sitio\/?p=7015"},"modified":"2016-08-10T20:10:45","modified_gmt":"2016-08-10T23:10:45","slug":"accidente-en-ruta-191-delicado-estado-de-salud-del-conductor-de-la-camioneta","status":"publish","type":"post","link":"https:\/\/eldiariodesanpedro.com.ar\/sitio\/accidente-en-ruta-191-delicado-estado-de-salud-del-conductor-de-la-camioneta\/","title":{"rendered":"Accidente en ruta 191: Delicado estado de salud del conductor de la camioneta"},"content":{"rendered":"<p><!-- VideographyWP Plugin Message: Automatic video embedding prevented by plugin options. --><br \/>\nAlberto Deminicis, de 65 a\u00f1os, oriundo de la ciudad de Pergamino, se encuentra en un delicado estado de salud tras el grave siniestro ocurrido el martes en la ruta 191. Cabe recordar que choc\u00f3 en la camioneta en la que se dirig\u00eda a la altura del km 26 con un cami\u00f3n.<br \/>\nEn ese sentido, el jefe de la Guardia, el Dr. Jos\u00e9 Herbas, a trav\u00e9s de La Radio 92.3 cont\u00f3 sobre su estado de salud: \u201cSufri\u00f3 un traumatismo de cr\u00e1neo grav\u00edsimo, un trauma tor\u00e1cico bilateral, una fractura de f\u00e9mur muy desplazada y obviamente que entr\u00f3 en coma\u201d.<br \/>\nEn tanto, explic\u00f3: \u201cEn la guardia se tuvieron que hacer algunas intervenciones de urgencia porque estaba desestabilizado, descompensado y se trabaj\u00f3 durante varias horas, luego pas\u00f3 al servicio de terapia donde se encuentra internado en un estado grave por las lesiones que tiene\u201d. Seguidamente, Herbas manifest\u00f3 que tiene un traumatismo facial de importancia, una contusi\u00f3n cerebral, y un edema fibrilar, y que \u201ceso ya condiciona de sobremanera\u201d, a\u00f1adi\u00f3. <\/p>\n","protected":false},"excerpt":{"rendered":"<p>Alberto Deminicis, de 65 a\u00f1os, oriundo de la ciudad de Pergamino, se encuentra en un delicado estado de salud tras el grave siniestro ocurrido el martes en la ruta 191. Cabe recordar que choc\u00f3 en la camioneta en la que se dirig\u00eda a la altura del km 26 con un cami\u00f3n. En ese sentido, el [&hellip;]<\/p>\n","protected":false},"author":4,"featured_media":6951,"comment_status":"open","ping_status":"closed","sticky":false,"template":"","format":"standard","meta":{"om_disable_all_campaigns":false,"_jetpack_memberships_contains_paid_content":false,"footnotes":""},"categories":[50,101,2],"tags":[],"class_list":["post-7015","post","type-post","status-publish","format-standard","has-post-thumbnail","hentry","category-destacadas","category-interes-general-locales","category-locales"],"aioseo_notices":[],"gutentor_comment":0,"jetpack_featured_media_url":"https:\/\/eldiariodesanpedro.com.ar\/sitio\/wp-content\/uploads\/2016\/08\/PAGINA-4-02-3.jpg","jetpack_shortlink":"https:\/\/wp.me\/p6RhLt-1P9","jetpack_sharing_enabled":true,"_links":{"self":[{"href":"https:\/\/eldiariodesanpedro.com.ar\/sitio\/wp-json\/wp\/v2\/posts\/7015","targetHints":{"allow":["GET"]}}],"collection":[{"href":"https:\/\/eldiariodesanpedro.com.ar\/sitio\/wp-json\/wp\/v2\/posts"}],"about":[{"href":"https:\/\/eldiariodesanpedro.com.ar\/sitio\/wp-json\/wp\/v2\/types\/post"}],"author":[{"embeddable":true,"href":"https:\/\/eldiariodesanpedro.com.ar\/sitio\/wp-json\/wp\/v2\/users\/4"}],"replies":[{"embeddable":true,"href":"https:\/\/eldiariodesanpedro.com.ar\/sitio\/wp-json\/wp\/v2\/comments?post=7015"}],"version-history":[{"count":1,"href":"https:\/\/eldiariodesanpedro.com.ar\/sitio\/wp-json\/wp\/v2\/posts\/7015\/revisions"}],"predecessor-version":[{"id":7016,"href":"https:\/\/eldiariodesanpedro.com.ar\/sitio\/wp-json\/wp\/v2\/posts\/7015\/revisions\/7016"}],"wp:featuredmedia":[{"embeddable":true,"href":"https:\/\/eldiariodesanpedro.com.ar\/sitio\/wp-json\/wp\/v2\/media\/6951"}],"wp:attachment":[{"href":"https:\/\/eldiariodesanpedro.com.ar\/sitio\/wp-json\/wp\/v2\/media?parent=7015"}],"wp:term":[{"taxonomy":"category","embeddable":true,"href":"https:\/\/eldiariodesanpedro.com.ar\/sitio\/wp-json\/wp\/v2\/categories?post=7015"},{"taxonomy":"post_tag","embeddable":true,"href":"https:\/\/eldiariodesanpedro.com.ar\/sitio\/wp-json\/wp\/v2\/tags?post=7015"}],"curies":[{"name":"wp","href":"https:\/\/api.w.org\/{rel}","templated":true}]}}