{"id":7010,"date":"2016-08-10T20:08:46","date_gmt":"2016-08-10T23:08:46","guid":{"rendered":"https:\/\/eldiariodesanpedro.com.ar\/sitio\/?p=7010"},"modified":"2016-08-10T20:08:46","modified_gmt":"2016-08-10T23:08:46","slug":"la-gobernadora-vidal-pospuso-la-audiencia-con-el-intendente-salazar","status":"publish","type":"post","link":"https:\/\/eldiariodesanpedro.com.ar\/sitio\/la-gobernadora-vidal-pospuso-la-audiencia-con-el-intendente-salazar\/","title":{"rendered":"La gobernadora Vidal pospuso la audiencia con el intendente Salazar"},"content":{"rendered":"<p><!-- VideographyWP Plugin Message: Automatic video embedding prevented by plugin options. --><br \/>\nEn la jornada de hoy, la gobernadora iba a recibir al mandatario comunal. Sin embargo, el encuentro fue postergado. Seg\u00fan explic\u00f3 el intendente Salazar: \u201cPor cuestiones de agenda muy apretada, un viaje al interior de la provincia, se posterg\u00f3 para los pr\u00f3ximos d\u00edas la audiencia con la gobernadora Vidal\u201d. En tanto que la desde Gobernaci\u00f3n comunicar\u00e1n la nueva fecha en que se podr\u00e1 desarrollar la misma.<br \/>\nCabe recordar que Salazar hab\u00eda adelantado que, entre otros temas, gestionar\u00e1 la posibilidad de que la provincia ilumine el ingreso a la ciudad por ruta 1001. Otro de los temas por tratar, de suma importancia, es agilizar la posibilidad del dragado del puerto.<\/p>\n","protected":false},"excerpt":{"rendered":"<p>En la jornada de hoy, la gobernadora iba a recibir al mandatario comunal. Sin embargo, el encuentro fue postergado. Seg\u00fan explic\u00f3 el intendente Salazar: \u201cPor cuestiones de agenda muy apretada, un viaje al interior de la provincia, se posterg\u00f3 para los pr\u00f3ximos d\u00edas la audiencia con la gobernadora Vidal\u201d. En tanto que la desde Gobernaci\u00f3n [&hellip;]<\/p>\n","protected":false},"author":4,"featured_media":6376,"comment_status":"open","ping_status":"closed","sticky":false,"template":"","format":"standard","meta":{"om_disable_all_campaigns":false,"_jetpack_memberships_contains_paid_content":false,"footnotes":""},"categories":[50,2,102],"tags":[],"class_list":["post-7010","post","type-post","status-publish","format-standard","has-post-thumbnail","hentry","category-destacadas","category-locales","category-politica-locales"],"aioseo_notices":[],"gutentor_comment":0,"jetpack_featured_media_url":"https:\/\/eldiariodesanpedro.com.ar\/sitio\/wp-content\/uploads\/2016\/07\/Salazar_con_Vidal.jpg","jetpack_shortlink":"https:\/\/wp.me\/p6RhLt-1P4","jetpack_sharing_enabled":true,"_links":{"self":[{"href":"https:\/\/eldiariodesanpedro.com.ar\/sitio\/wp-json\/wp\/v2\/posts\/7010","targetHints":{"allow":["GET"]}}],"collection":[{"href":"https:\/\/eldiariodesanpedro.com.ar\/sitio\/wp-json\/wp\/v2\/posts"}],"about":[{"href":"https:\/\/eldiariodesanpedro.com.ar\/sitio\/wp-json\/wp\/v2\/types\/post"}],"author":[{"embeddable":true,"href":"https:\/\/eldiariodesanpedro.com.ar\/sitio\/wp-json\/wp\/v2\/users\/4"}],"replies":[{"embeddable":true,"href":"https:\/\/eldiariodesanpedro.com.ar\/sitio\/wp-json\/wp\/v2\/comments?post=7010"}],"version-history":[{"count":1,"href":"https:\/\/eldiariodesanpedro.com.ar\/sitio\/wp-json\/wp\/v2\/posts\/7010\/revisions"}],"predecessor-version":[{"id":7011,"href":"https:\/\/eldiariodesanpedro.com.ar\/sitio\/wp-json\/wp\/v2\/posts\/7010\/revisions\/7011"}],"wp:featuredmedia":[{"embeddable":true,"href":"https:\/\/eldiariodesanpedro.com.ar\/sitio\/wp-json\/wp\/v2\/media\/6376"}],"wp:attachment":[{"href":"https:\/\/eldiariodesanpedro.com.ar\/sitio\/wp-json\/wp\/v2\/media?parent=7010"}],"wp:term":[{"taxonomy":"category","embeddable":true,"href":"https:\/\/eldiariodesanpedro.com.ar\/sitio\/wp-json\/wp\/v2\/categories?post=7010"},{"taxonomy":"post_tag","embeddable":true,"href":"https:\/\/eldiariodesanpedro.com.ar\/sitio\/wp-json\/wp\/v2\/tags?post=7010"}],"curies":[{"name":"wp","href":"https:\/\/api.w.org\/{rel}","templated":true}]}}