{"id":7006,"date":"2016-08-10T20:07:12","date_gmt":"2016-08-10T23:07:12","guid":{"rendered":"https:\/\/eldiariodesanpedro.com.ar\/sitio\/?p=7006"},"modified":"2016-08-10T20:07:27","modified_gmt":"2016-08-10T23:07:27","slug":"una-mujer-se-quedo-encerrada-en-un-ascensor","status":"publish","type":"post","link":"https:\/\/eldiariodesanpedro.com.ar\/sitio\/una-mujer-se-quedo-encerrada-en-un-ascensor\/","title":{"rendered":"Una mujer se qued\u00f3 encerrada en un ascensor"},"content":{"rendered":"<p><!-- VideographyWP Plugin Message: Automatic video embedding prevented by plugin options. --><br \/>\nOcurri\u00f3 en el edificio localizado en Uruguay 750. Una mujer hab\u00eda apretado sin querer el interruptor de emergencia, lo que produjo que el ascensor frene. Sin embargo, al no saber c\u00f3mo solucionarlo se asust\u00f3 y pudo dar aviso a un vecino. Esto motiv\u00f3 el llamado de emergencias a las fuerzas de seguridad de la ciudad.<br \/>\n\u201cNos llamaron por un ascensor detenido con una persona en su interior en demanda de auxilio. Antes de nuestro arribo pudo salir por sus propios medios\u201d, manifest\u00f3 H\u00e9ctor Keudell, oficial de Bomberos Voluntarios, a cargo de la dotaci\u00f3n que all\u00ed concurri\u00f3. Al tiempo que cont\u00f3: \u201cAparentemente presion\u00f3 la misma se\u00f1ora el bot\u00f3n de parar el ascensor y ese fue el desperfecto\u201d. \u201cLa se\u00f1ora est\u00e1 bien, un poco asustada nada m\u00e1s\u201d, aclar\u00f3.<br \/>\nLas versiones iniciales daban cuenta una persona que se hab\u00eda quedado encerrada en un balc\u00f3n; sin embargo, al llegar al lugar se pudo constatar que era otra la situaci\u00f3n.<\/p>\n","protected":false},"excerpt":{"rendered":"<p>Ocurri\u00f3 en el edificio localizado en Uruguay 750. Una mujer hab\u00eda apretado sin querer el interruptor de emergencia, lo que produjo que el ascensor frene. Sin embargo, al no saber c\u00f3mo solucionarlo se asust\u00f3 y pudo dar aviso a un vecino. Esto motiv\u00f3 el llamado de emergencias a las fuerzas de seguridad de la ciudad. [&hellip;]<\/p>\n","protected":false},"author":4,"featured_media":7007,"comment_status":"open","ping_status":"closed","sticky":false,"template":"","format":"standard","meta":{"om_disable_all_campaigns":false,"_jetpack_memberships_contains_paid_content":false,"footnotes":""},"categories":[50,101,2],"tags":[],"class_list":["post-7006","post","type-post","status-publish","format-standard","has-post-thumbnail","hentry","category-destacadas","category-interes-general-locales","category-locales"],"aioseo_notices":[],"gutentor_comment":0,"jetpack_featured_media_url":"https:\/\/eldiariodesanpedro.com.ar\/sitio\/wp-content\/uploads\/2016\/08\/PAGINA-5-02-1.jpg","jetpack_shortlink":"https:\/\/wp.me\/p6RhLt-1P0","jetpack_sharing_enabled":true,"_links":{"self":[{"href":"https:\/\/eldiariodesanpedro.com.ar\/sitio\/wp-json\/wp\/v2\/posts\/7006","targetHints":{"allow":["GET"]}}],"collection":[{"href":"https:\/\/eldiariodesanpedro.com.ar\/sitio\/wp-json\/wp\/v2\/posts"}],"about":[{"href":"https:\/\/eldiariodesanpedro.com.ar\/sitio\/wp-json\/wp\/v2\/types\/post"}],"author":[{"embeddable":true,"href":"https:\/\/eldiariodesanpedro.com.ar\/sitio\/wp-json\/wp\/v2\/users\/4"}],"replies":[{"embeddable":true,"href":"https:\/\/eldiariodesanpedro.com.ar\/sitio\/wp-json\/wp\/v2\/comments?post=7006"}],"version-history":[{"count":2,"href":"https:\/\/eldiariodesanpedro.com.ar\/sitio\/wp-json\/wp\/v2\/posts\/7006\/revisions"}],"predecessor-version":[{"id":7009,"href":"https:\/\/eldiariodesanpedro.com.ar\/sitio\/wp-json\/wp\/v2\/posts\/7006\/revisions\/7009"}],"wp:featuredmedia":[{"embeddable":true,"href":"https:\/\/eldiariodesanpedro.com.ar\/sitio\/wp-json\/wp\/v2\/media\/7007"}],"wp:attachment":[{"href":"https:\/\/eldiariodesanpedro.com.ar\/sitio\/wp-json\/wp\/v2\/media?parent=7006"}],"wp:term":[{"taxonomy":"category","embeddable":true,"href":"https:\/\/eldiariodesanpedro.com.ar\/sitio\/wp-json\/wp\/v2\/categories?post=7006"},{"taxonomy":"post_tag","embeddable":true,"href":"https:\/\/eldiariodesanpedro.com.ar\/sitio\/wp-json\/wp\/v2\/tags?post=7006"}],"curies":[{"name":"wp","href":"https:\/\/api.w.org\/{rel}","templated":true}]}}