{"id":70045,"date":"2020-03-10T10:31:45","date_gmt":"2020-03-10T13:31:45","guid":{"rendered":"https:\/\/eldiariodesanpedro.com.ar\/sitio\/?p=70045"},"modified":"2020-03-10T10:31:52","modified_gmt":"2020-03-10T13:31:52","slug":"baradero-coronavirus-una-paciente-con-neumonia-genero-rumores-de-contagio","status":"publish","type":"post","link":"https:\/\/eldiariodesanpedro.com.ar\/sitio\/baradero-coronavirus-una-paciente-con-neumonia-genero-rumores-de-contagio\/","title":{"rendered":"BARADERO | Coronavirus: Una paciente con neumonia gener\u00f3 rumores de contagio"},"content":{"rendered":"<!-- VideographyWP Plugin Message: Automatic video embedding prevented by plugin options. -->\n\n<p>Hace unas horas se gener\u00f3 un rumor sobre una mujer internada en&nbsp; la cl\u00ednica privada de nuestra ciudad que, con un cuadro severo de neumonia,&nbsp; podr\u00eda haberse contagiado de coronavirus.<\/p>\n\n\n\n<p>Consultado un funcionario publico, del \u00e1rea salud del municipio, asegur\u00f3 a BTI que nada hace relacionar a esta mujer con esa enfermedad:&nbsp;<strong><em>\u00abno existe nexo epidemiologico, esto quiere decir que no hubo contacto entre esta mujer y alguien que sea portador del virus\u00bb<\/em><\/strong>&nbsp;y agreg\u00f3:&nbsp;<strong><em>\u00abseguimos de cerca el caso, se esta tratando como una neumonia y cualquier indicio que haga sospechar de coranavirus se activar\u00e1 el protocolo pero no hay que generar una psicosis sobre este tema\u00bb.<\/em><\/strong><\/p>\n\n\n\n<p>Mientras tanto debemos llevar calma a la poblaci\u00f3n y seguir los pasos de prevenci\u00f3n.<\/p>\n\n\n\n<p>Fuente: Baradero Te Informa<\/p>\n","protected":false},"excerpt":{"rendered":"<p>Hace unas horas se gener\u00f3 un rumor sobre una mujer internada en&nbsp; la cl\u00ednica privada de nuestra ciudad que, con un cuadro severo de neumonia,&nbsp; podr\u00eda haberse contagiado de coronavirus. Consultado un funcionario publico, del \u00e1rea salud del municipio, asegur\u00f3 a BTI que nada hace relacionar a esta mujer con esa enfermedad:&nbsp;\u00abno existe nexo epidemiologico, [&hellip;]<\/p>\n","protected":false},"author":4,"featured_media":70046,"comment_status":"open","ping_status":"closed","sticky":false,"template":"","format":"standard","meta":{"om_disable_all_campaigns":false,"_jetpack_memberships_contains_paid_content":false,"footnotes":""},"categories":[621],"tags":[],"class_list":["post-70045","post","type-post","status-publish","format-standard","has-post-thumbnail","hentry","category-regionales"],"aioseo_notices":[],"gutentor_comment":0,"jetpack_featured_media_url":"https:\/\/eldiariodesanpedro.com.ar\/sitio\/wp-content\/uploads\/2020\/03\/20180301_113150-640x480-1.jpg","jetpack_shortlink":"https:\/\/wp.me\/p6RhLt-idL","jetpack_sharing_enabled":true,"_links":{"self":[{"href":"https:\/\/eldiariodesanpedro.com.ar\/sitio\/wp-json\/wp\/v2\/posts\/70045","targetHints":{"allow":["GET"]}}],"collection":[{"href":"https:\/\/eldiariodesanpedro.com.ar\/sitio\/wp-json\/wp\/v2\/posts"}],"about":[{"href":"https:\/\/eldiariodesanpedro.com.ar\/sitio\/wp-json\/wp\/v2\/types\/post"}],"author":[{"embeddable":true,"href":"https:\/\/eldiariodesanpedro.com.ar\/sitio\/wp-json\/wp\/v2\/users\/4"}],"replies":[{"embeddable":true,"href":"https:\/\/eldiariodesanpedro.com.ar\/sitio\/wp-json\/wp\/v2\/comments?post=70045"}],"version-history":[{"count":1,"href":"https:\/\/eldiariodesanpedro.com.ar\/sitio\/wp-json\/wp\/v2\/posts\/70045\/revisions"}],"predecessor-version":[{"id":70047,"href":"https:\/\/eldiariodesanpedro.com.ar\/sitio\/wp-json\/wp\/v2\/posts\/70045\/revisions\/70047"}],"wp:featuredmedia":[{"embeddable":true,"href":"https:\/\/eldiariodesanpedro.com.ar\/sitio\/wp-json\/wp\/v2\/media\/70046"}],"wp:attachment":[{"href":"https:\/\/eldiariodesanpedro.com.ar\/sitio\/wp-json\/wp\/v2\/media?parent=70045"}],"wp:term":[{"taxonomy":"category","embeddable":true,"href":"https:\/\/eldiariodesanpedro.com.ar\/sitio\/wp-json\/wp\/v2\/categories?post=70045"},{"taxonomy":"post_tag","embeddable":true,"href":"https:\/\/eldiariodesanpedro.com.ar\/sitio\/wp-json\/wp\/v2\/tags?post=70045"}],"curies":[{"name":"wp","href":"https:\/\/api.w.org\/{rel}","templated":true}]}}