{"id":70034,"date":"2020-03-10T10:06:04","date_gmt":"2020-03-10T13:06:04","guid":{"rendered":"https:\/\/eldiariodesanpedro.com.ar\/sitio\/?p=70034"},"modified":"2020-03-10T10:06:09","modified_gmt":"2020-03-10T13:06:09","slug":"zarate-a-los-tiros-delincuentes-robaron-un-maletin-con-dinero-a-un-hombre-frente-al-banco-frances","status":"publish","type":"post","link":"https:\/\/eldiariodesanpedro.com.ar\/sitio\/zarate-a-los-tiros-delincuentes-robaron-un-maletin-con-dinero-a-un-hombre-frente-al-banco-frances\/","title":{"rendered":"Z\u00c1RATE | A los tiros, delincuentes robaron un malet\u00edn con dinero a un hombre frente al Banco Franc\u00e9s"},"content":{"rendered":"<!-- VideographyWP Plugin Message: Automatic video embedding prevented by plugin options. -->\n\n<p>\n\nMotochorros robaron frente al Banco Franc\u00e9s de Z\u00e1rate: efectuaron disparos y huyeron con un malet\u00edn con documentaci\u00f3n y dinero. Intenso trabajo de Polic\u00eda para dar con los delincuentes.<\/p>\n\n\n\n<p>Delincuentes a bordo de una moto abordaron el lunes en horas del mediod\u00eda a un automovilista frente a la sucursal del Banco Franc\u00e9s de Z\u00e1rate.<\/p>\n\n\n\n<p>Seg\u00fan relat\u00f3 la v\u00edctima, una Honda Twister roja se le coloc\u00f3 por adelante y el acompa\u00f1ante baj\u00f3 para introducirse dentro del veh\u00edculo. En el interior y bajo amenaza de muerte le sustrajeron un malet\u00edn con dinero en efectivo. Ambos llevaban cascos colocados.<\/p>\n\n\n\n<p>Tambi\u00e9n hubo al menos un disparo que impact\u00f3 en el primer piso de la entidad bancaria. Afortunadamente no hubo heridos. Intenso trabajo de Polic\u00eda para dar con los delincuentes.<\/p>\n\n\n\n<p>Fuente: Enlace Critico<\/p>\n","protected":false},"excerpt":{"rendered":"<p>Motochorros robaron frente al Banco Franc\u00e9s de Z\u00e1rate: efectuaron disparos y huyeron con un malet\u00edn con documentaci\u00f3n y dinero. Intenso trabajo de Polic\u00eda para dar con los delincuentes. Delincuentes a bordo de una moto abordaron el lunes en horas del mediod\u00eda a un automovilista frente a la sucursal del Banco Franc\u00e9s de Z\u00e1rate. Seg\u00fan relat\u00f3 [&hellip;]<\/p>\n","protected":false},"author":4,"featured_media":70037,"comment_status":"open","ping_status":"closed","sticky":false,"template":"","format":"standard","meta":{"om_disable_all_campaigns":false,"_jetpack_memberships_contains_paid_content":false,"footnotes":""},"categories":[621],"tags":[],"class_list":["post-70034","post","type-post","status-publish","format-standard","has-post-thumbnail","hentry","category-regionales"],"aioseo_notices":[],"gutentor_comment":0,"jetpack_featured_media_url":"https:\/\/eldiariodesanpedro.com.ar\/sitio\/wp-content\/uploads\/2020\/03\/zarate_78.jpg","jetpack_shortlink":"https:\/\/wp.me\/p6RhLt-idA","jetpack_sharing_enabled":true,"_links":{"self":[{"href":"https:\/\/eldiariodesanpedro.com.ar\/sitio\/wp-json\/wp\/v2\/posts\/70034","targetHints":{"allow":["GET"]}}],"collection":[{"href":"https:\/\/eldiariodesanpedro.com.ar\/sitio\/wp-json\/wp\/v2\/posts"}],"about":[{"href":"https:\/\/eldiariodesanpedro.com.ar\/sitio\/wp-json\/wp\/v2\/types\/post"}],"author":[{"embeddable":true,"href":"https:\/\/eldiariodesanpedro.com.ar\/sitio\/wp-json\/wp\/v2\/users\/4"}],"replies":[{"embeddable":true,"href":"https:\/\/eldiariodesanpedro.com.ar\/sitio\/wp-json\/wp\/v2\/comments?post=70034"}],"version-history":[{"count":1,"href":"https:\/\/eldiariodesanpedro.com.ar\/sitio\/wp-json\/wp\/v2\/posts\/70034\/revisions"}],"predecessor-version":[{"id":70038,"href":"https:\/\/eldiariodesanpedro.com.ar\/sitio\/wp-json\/wp\/v2\/posts\/70034\/revisions\/70038"}],"wp:featuredmedia":[{"embeddable":true,"href":"https:\/\/eldiariodesanpedro.com.ar\/sitio\/wp-json\/wp\/v2\/media\/70037"}],"wp:attachment":[{"href":"https:\/\/eldiariodesanpedro.com.ar\/sitio\/wp-json\/wp\/v2\/media?parent=70034"}],"wp:term":[{"taxonomy":"category","embeddable":true,"href":"https:\/\/eldiariodesanpedro.com.ar\/sitio\/wp-json\/wp\/v2\/categories?post=70034"},{"taxonomy":"post_tag","embeddable":true,"href":"https:\/\/eldiariodesanpedro.com.ar\/sitio\/wp-json\/wp\/v2\/tags?post=70034"}],"curies":[{"name":"wp","href":"https:\/\/api.w.org\/{rel}","templated":true}]}}