{"id":70031,"date":"2020-03-10T09:52:02","date_gmt":"2020-03-10T12:52:02","guid":{"rendered":"https:\/\/eldiariodesanpedro.com.ar\/sitio\/?p=70031"},"modified":"2020-03-10T09:52:09","modified_gmt":"2020-03-10T12:52:09","slug":"zarate-detuvieron-a-delincuente-que-asalto-un-camion-repartidor","status":"publish","type":"post","link":"https:\/\/eldiariodesanpedro.com.ar\/sitio\/zarate-detuvieron-a-delincuente-que-asalto-un-camion-repartidor\/","title":{"rendered":"Z\u00c1RATE | Detuvieron a delincuente que asalt\u00f3 un cami\u00f3n repartidor"},"content":{"rendered":"<!-- VideographyWP Plugin Message: Automatic video embedding prevented by plugin options. -->\n\n<p>\n\nEl ataque se produjo en el barrio Almirante Brown. El operativo cerrojo implementado por Polic\u00eda permiti\u00f3 dar r\u00e1pidamente con el delincuente y recuperar celulares robados al chofer.<\/p>\n\n\n\n<p>Agentes de la DPU y Polic\u00eda Local Z\u00e1rate fueron alertados del robo a un cami\u00f3n repartidor en Garibaldi y De La Torre, barrio Almirantr Brown.<\/p>\n\n\n\n<p>Con las descripciones del sospechoso se inici\u00f3 una b\u00fasqueda que finalmente dio resultado positivo: ya interceptado se le secuestr\u00f3 dos tel\u00e9fonos celulares previamente sustra\u00eddos a la v\u00edctima.<\/p>\n\n\n\n<p>Fue trasladado a la Comisar\u00eda Primera y qued\u00f3 a disposici\u00f3n de la Justicia.<\/p>\n\n\n\n<p>Fuente: Enlace Critico<\/p>\n","protected":false},"excerpt":{"rendered":"<p>El ataque se produjo en el barrio Almirante Brown. El operativo cerrojo implementado por Polic\u00eda permiti\u00f3 dar r\u00e1pidamente con el delincuente y recuperar celulares robados al chofer. Agentes de la DPU y Polic\u00eda Local Z\u00e1rate fueron alertados del robo a un cami\u00f3n repartidor en Garibaldi y De La Torre, barrio Almirantr Brown. Con las descripciones [&hellip;]<\/p>\n","protected":false},"author":4,"featured_media":70032,"comment_status":"open","ping_status":"closed","sticky":false,"template":"","format":"standard","meta":{"om_disable_all_campaigns":false,"_jetpack_memberships_contains_paid_content":false,"footnotes":""},"categories":[621],"tags":[],"class_list":["post-70031","post","type-post","status-publish","format-standard","has-post-thumbnail","hentry","category-regionales"],"aioseo_notices":[],"gutentor_comment":0,"jetpack_featured_media_url":"https:\/\/eldiariodesanpedro.com.ar\/sitio\/wp-content\/uploads\/2020\/03\/zarate_77.jpg","jetpack_shortlink":"https:\/\/wp.me\/p6RhLt-idx","jetpack_sharing_enabled":true,"_links":{"self":[{"href":"https:\/\/eldiariodesanpedro.com.ar\/sitio\/wp-json\/wp\/v2\/posts\/70031","targetHints":{"allow":["GET"]}}],"collection":[{"href":"https:\/\/eldiariodesanpedro.com.ar\/sitio\/wp-json\/wp\/v2\/posts"}],"about":[{"href":"https:\/\/eldiariodesanpedro.com.ar\/sitio\/wp-json\/wp\/v2\/types\/post"}],"author":[{"embeddable":true,"href":"https:\/\/eldiariodesanpedro.com.ar\/sitio\/wp-json\/wp\/v2\/users\/4"}],"replies":[{"embeddable":true,"href":"https:\/\/eldiariodesanpedro.com.ar\/sitio\/wp-json\/wp\/v2\/comments?post=70031"}],"version-history":[{"count":1,"href":"https:\/\/eldiariodesanpedro.com.ar\/sitio\/wp-json\/wp\/v2\/posts\/70031\/revisions"}],"predecessor-version":[{"id":70033,"href":"https:\/\/eldiariodesanpedro.com.ar\/sitio\/wp-json\/wp\/v2\/posts\/70031\/revisions\/70033"}],"wp:featuredmedia":[{"embeddable":true,"href":"https:\/\/eldiariodesanpedro.com.ar\/sitio\/wp-json\/wp\/v2\/media\/70032"}],"wp:attachment":[{"href":"https:\/\/eldiariodesanpedro.com.ar\/sitio\/wp-json\/wp\/v2\/media?parent=70031"}],"wp:term":[{"taxonomy":"category","embeddable":true,"href":"https:\/\/eldiariodesanpedro.com.ar\/sitio\/wp-json\/wp\/v2\/categories?post=70031"},{"taxonomy":"post_tag","embeddable":true,"href":"https:\/\/eldiariodesanpedro.com.ar\/sitio\/wp-json\/wp\/v2\/tags?post=70031"}],"curies":[{"name":"wp","href":"https:\/\/api.w.org\/{rel}","templated":true}]}}