{"id":70030,"date":"2020-03-10T10:05:09","date_gmt":"2020-03-10T13:05:09","guid":{"rendered":"https:\/\/eldiariodesanpedro.com.ar\/sitio\/?p=70030"},"modified":"2020-03-10T10:07:09","modified_gmt":"2020-03-10T13:07:09","slug":"escalofriante-intento-prender-fuego-a-su-pareja","status":"publish","type":"post","link":"https:\/\/eldiariodesanpedro.com.ar\/sitio\/escalofriante-intento-prender-fuego-a-su-pareja\/","title":{"rendered":"Escalofriante: Intent\u00f3 prender fuego a su pareja"},"content":{"rendered":"<!-- VideographyWP Plugin Message: Automatic video embedding prevented by plugin options. -->\n\n<p>El acusado qued\u00f3 detenido. La v\u00edctima logr\u00f3 salvar su vida al ser asistida por el  107. <\/p>\n\n\n\n<p>Un hombre de 29 a\u00f1os intent\u00f3 matar a su pareja al rociarla con nafta y prenderla fuego. Por causas que se intentar establecer, el agresor atento contra la vida de supareja femenina de igual edad,  salvando su vida de milagro.<\/p>\n\n\n\n<p>La Justicia dispuso  que el acusado permanezca en la dependencia local a la espera de la intervencion de quienes instruyen en la causa.<\/p>\n\n\n\n<p>El hecho, dado a conocer este martes, ocurri\u00f3 el lunes en horas del mediodia, cuando la pareja estaba en su domicilio de calle Benefactora Sampedrina al 2870. <\/p>\n\n\n\n<p>Por motivos que son investigados, el hombre tomo un elemento con nafta, rocio a la mujer y con un encendedor, caus\u00f3 la llamarada en su  cuerpo.\u00a0<\/p>\n\n\n\n<p>La v\u00edctima fue trasladada al hospital local por la ambulancia de emergencia SAME,  donde fue atendida por lesiones de quemaduras en su cuerpo.<\/p>\n\n\n\n<p>Al dar aviso al personal policial\u00a0 queda en el lugar la pareja, quienes los efectivos le preguntan\u00a0 qu\u00e9 hab\u00eda ocurrido, el mismo contesta que \u00abla mujer se hab\u00eda prendido fuego sola\u00bb, lo que se lo traslad\u00f3 igual demorado a la comisar\u00eda.<br><\/p>\n\n\n\n<p>Lo cierto es que la mujer, al llegar al hospital declara que su pareja la hab\u00eda rociado con nafta y lo hab\u00eda prendido fuego quedando as\u00ed detenido en sede policial con intervenci\u00f3n de la UFI nro. 11 a cargo de la Dra. Viviana Ramos.\u00a0<br><\/p>\n\n\n\n<p>El Dr Herbas, jefe de guardia en el nosocomio confirm\u00f3 que la v\u00edctima presentaba quemaduras en el rostro y pecho , sin heridas profundas, quemaduras de un 18%. Fue dada de alta.<br><\/p>\n","protected":false},"excerpt":{"rendered":"<p>El acusado qued\u00f3 detenido. La v\u00edctima logr\u00f3 salvar su vida al ser asistida por el 107. Un hombre de 29 a\u00f1os intent\u00f3 matar a su pareja al rociarla con nafta y prenderla fuego. Por causas que se intentar establecer, el agresor atento contra la vida de supareja femenina de igual edad, salvando su vida de [&hellip;]<\/p>\n","protected":false},"author":4,"featured_media":70035,"comment_status":"open","ping_status":"closed","sticky":false,"template":"","format":"standard","meta":{"om_disable_all_campaigns":false,"_jetpack_memberships_contains_paid_content":false,"footnotes":""},"categories":[50,2,103],"tags":[],"class_list":["post-70030","post","type-post","status-publish","format-standard","has-post-thumbnail","hentry","category-destacadas","category-locales","category-policiales-locales"],"aioseo_notices":[],"gutentor_comment":0,"jetpack_featured_media_url":"https:\/\/eldiariodesanpedro.com.ar\/sitio\/wp-content\/uploads\/2020\/03\/168564.jpg","jetpack_shortlink":"https:\/\/wp.me\/p6RhLt-idw","jetpack_sharing_enabled":true,"_links":{"self":[{"href":"https:\/\/eldiariodesanpedro.com.ar\/sitio\/wp-json\/wp\/v2\/posts\/70030","targetHints":{"allow":["GET"]}}],"collection":[{"href":"https:\/\/eldiariodesanpedro.com.ar\/sitio\/wp-json\/wp\/v2\/posts"}],"about":[{"href":"https:\/\/eldiariodesanpedro.com.ar\/sitio\/wp-json\/wp\/v2\/types\/post"}],"author":[{"embeddable":true,"href":"https:\/\/eldiariodesanpedro.com.ar\/sitio\/wp-json\/wp\/v2\/users\/4"}],"replies":[{"embeddable":true,"href":"https:\/\/eldiariodesanpedro.com.ar\/sitio\/wp-json\/wp\/v2\/comments?post=70030"}],"version-history":[{"count":2,"href":"https:\/\/eldiariodesanpedro.com.ar\/sitio\/wp-json\/wp\/v2\/posts\/70030\/revisions"}],"predecessor-version":[{"id":70039,"href":"https:\/\/eldiariodesanpedro.com.ar\/sitio\/wp-json\/wp\/v2\/posts\/70030\/revisions\/70039"}],"wp:featuredmedia":[{"embeddable":true,"href":"https:\/\/eldiariodesanpedro.com.ar\/sitio\/wp-json\/wp\/v2\/media\/70035"}],"wp:attachment":[{"href":"https:\/\/eldiariodesanpedro.com.ar\/sitio\/wp-json\/wp\/v2\/media?parent=70030"}],"wp:term":[{"taxonomy":"category","embeddable":true,"href":"https:\/\/eldiariodesanpedro.com.ar\/sitio\/wp-json\/wp\/v2\/categories?post=70030"},{"taxonomy":"post_tag","embeddable":true,"href":"https:\/\/eldiariodesanpedro.com.ar\/sitio\/wp-json\/wp\/v2\/tags?post=70030"}],"curies":[{"name":"wp","href":"https:\/\/api.w.org\/{rel}","templated":true}]}}