{"id":7003,"date":"2016-08-10T20:05:56","date_gmt":"2016-08-10T23:05:56","guid":{"rendered":"https:\/\/eldiariodesanpedro.com.ar\/sitio\/?p=7003"},"modified":"2016-08-10T20:05:56","modified_gmt":"2016-08-10T23:05:56","slug":"salazar-participo-de-una-reunion-de-intendentes-con-el-director-ejecutivo-de-la-anses","status":"publish","type":"post","link":"https:\/\/eldiariodesanpedro.com.ar\/sitio\/salazar-participo-de-una-reunion-de-intendentes-con-el-director-ejecutivo-de-la-anses\/","title":{"rendered":"Salazar particip\u00f3 de una reuni\u00f3n de intendentes con el director ejecutivo de la ANSES"},"content":{"rendered":"<p><!-- VideographyWP Plugin Message: Automatic video embedding prevented by plugin options. --><br \/>\nEl jefe comunal de nuestra ciudad particip\u00f3 de un encuentro ayer encabezado por Emilio Basavilbaso, en la sede central del organismo previsional, con intendentes de diversas localidades de la provincia de Buenos Aires, con los cuales mantuvo una reuni\u00f3n de trabajo. En la misma se analiz\u00f3 la situaci\u00f3n de la seguridad social en cada distrito y se acord\u00f3 trabajar conjuntamente para mejorar la atenci\u00f3n ciudadana.<br \/>\nLos intendentes bonaerenses que se reunieron con Basavilbaso fueron los de Quilmes, Martiniano Molina, de Jun\u00edn, Pablo Petrecca, de San Pedro, Cecilio Salazar, de Puan, Facundo Castelli, de Olavarr\u00eda, Ezequiel Galli, de La Plata, Julio Garro y de Vicente L\u00f3pez, Jorge Macri.<br \/>\nBasavilbaso expres\u00f3 al respecto que \u201ccon estas reuniones buscamos afianzar el compromiso que tenemos con los ciudadanos para llevar la seguridad social a todos lados. La comunicaci\u00f3n con los intendentes es permanente y esencial para interiorizarnos de la situaci\u00f3n en cada localidad y ver c\u00f3mo desde el Estado Nacional en conjunto podemos brindar soluciones para mejorar la vida de los argentinos\u201d.<br \/>\nEstuvieron tambi\u00e9n presentes, por parte de la ANSES, su secretario general, Alejo Maxit; el subdirector Prestaciones Descentralizadas, Patricio Jaccoud y la directora general de Programas Especiales, Mar\u00eda Eugenia L\u00f3pez Isnardi.<\/p>\n","protected":false},"excerpt":{"rendered":"<p>El jefe comunal de nuestra ciudad particip\u00f3 de un encuentro ayer encabezado por Emilio Basavilbaso, en la sede central del organismo previsional, con intendentes de diversas localidades de la provincia de Buenos Aires, con los cuales mantuvo una reuni\u00f3n de trabajo. En la misma se analiz\u00f3 la situaci\u00f3n de la seguridad social en cada distrito [&hellip;]<\/p>\n","protected":false},"author":4,"featured_media":7004,"comment_status":"open","ping_status":"closed","sticky":false,"template":"","format":"standard","meta":{"om_disable_all_campaigns":false,"_jetpack_memberships_contains_paid_content":false,"footnotes":""},"categories":[101,2],"tags":[],"class_list":["post-7003","post","type-post","status-publish","format-standard","has-post-thumbnail","hentry","category-interes-general-locales","category-locales"],"aioseo_notices":[],"gutentor_comment":0,"jetpack_featured_media_url":"https:\/\/eldiariodesanpedro.com.ar\/sitio\/wp-content\/uploads\/2016\/08\/PAGINA-5-01-1.jpg","jetpack_shortlink":"https:\/\/wp.me\/p6RhLt-1OX","jetpack_sharing_enabled":true,"_links":{"self":[{"href":"https:\/\/eldiariodesanpedro.com.ar\/sitio\/wp-json\/wp\/v2\/posts\/7003","targetHints":{"allow":["GET"]}}],"collection":[{"href":"https:\/\/eldiariodesanpedro.com.ar\/sitio\/wp-json\/wp\/v2\/posts"}],"about":[{"href":"https:\/\/eldiariodesanpedro.com.ar\/sitio\/wp-json\/wp\/v2\/types\/post"}],"author":[{"embeddable":true,"href":"https:\/\/eldiariodesanpedro.com.ar\/sitio\/wp-json\/wp\/v2\/users\/4"}],"replies":[{"embeddable":true,"href":"https:\/\/eldiariodesanpedro.com.ar\/sitio\/wp-json\/wp\/v2\/comments?post=7003"}],"version-history":[{"count":1,"href":"https:\/\/eldiariodesanpedro.com.ar\/sitio\/wp-json\/wp\/v2\/posts\/7003\/revisions"}],"predecessor-version":[{"id":7005,"href":"https:\/\/eldiariodesanpedro.com.ar\/sitio\/wp-json\/wp\/v2\/posts\/7003\/revisions\/7005"}],"wp:featuredmedia":[{"embeddable":true,"href":"https:\/\/eldiariodesanpedro.com.ar\/sitio\/wp-json\/wp\/v2\/media\/7004"}],"wp:attachment":[{"href":"https:\/\/eldiariodesanpedro.com.ar\/sitio\/wp-json\/wp\/v2\/media?parent=7003"}],"wp:term":[{"taxonomy":"category","embeddable":true,"href":"https:\/\/eldiariodesanpedro.com.ar\/sitio\/wp-json\/wp\/v2\/categories?post=7003"},{"taxonomy":"post_tag","embeddable":true,"href":"https:\/\/eldiariodesanpedro.com.ar\/sitio\/wp-json\/wp\/v2\/tags?post=7003"}],"curies":[{"name":"wp","href":"https:\/\/api.w.org\/{rel}","templated":true}]}}