{"id":70024,"date":"2020-03-10T08:55:49","date_gmt":"2020-03-10T11:55:49","guid":{"rendered":"https:\/\/eldiariodesanpedro.com.ar\/sitio\/?p=70024"},"modified":"2020-03-10T08:55:55","modified_gmt":"2020-03-10T11:55:55","slug":"informacion-de-la-direccion-de-rentas-notificaciones-por-fondo-de-la-vivienda","status":"publish","type":"post","link":"https:\/\/eldiariodesanpedro.com.ar\/sitio\/informacion-de-la-direccion-de-rentas-notificaciones-por-fondo-de-la-vivienda\/","title":{"rendered":"Informaci\u00f3n de la Direcci\u00f3n de Rentas: notificaciones por Fondo de la Vivienda"},"content":{"rendered":"<!-- VideographyWP Plugin Message: Automatic video embedding prevented by plugin options. -->\n\n<p>La Direcci\u00f3n de Rentas de la Municipalidad de San Pedro informa que en el marco de la entrega de escrituraciones sociales que se vienen llevando a cabo por parte del Municipio, se han emitido notificaciones a los titulares de las casas de barrios sociales correspondientes a la Circunscripci\u00f3n: 1, Secci\u00f3n: G de la localidad de San Pedro. A fin de que regularicen su situaci\u00f3n respecto al pago de sus lotes y casas, se solicita a los titulares que se acerquen al \u00e1rea de Rentas del Municipio (de lunes a viernes de 8 a 13hs) con la documentaci\u00f3n que acredite la titularidad del inmueble para luego acceder a un plan de pagos.<\/p>\n\n\n\n<p><strong>Automotores Modelo 2009<\/strong><\/p>\n\n\n\n<p>Por otro lado, informamos a los contribuyentes que este a\u00f1o ingresaron a la Municipalidad desde ARBA los automotores modelo 2009. Esto significa que dichos veh\u00edculos que hasta el a\u00f1o pasado abonaban sus patentes en provincia, comienzan a tributar en el Municipio. Las patentes vencer\u00e1n en el mes de abril.<\/p>\n\n\n\n<p><br>Aquellos contribuyentes que posean estos veh\u00edculos, una vez recibida la patente, deber\u00e1n presentarse con la fotocopia del t\u00edtulo, el DNI y la constancia de CUIT del titular a fin de reempadronarlo para luego poder acceder al pago Anual con el beneficio del 50% de descuento presentando copia de la VTV y el seguro al d\u00eda. <\/p>\n","protected":false},"excerpt":{"rendered":"<p>La Direcci\u00f3n de Rentas de la Municipalidad de San Pedro informa que en el marco de la entrega de escrituraciones sociales que se vienen llevando a cabo por parte del Municipio, se han emitido notificaciones a los titulares de las casas de barrios sociales correspondientes a la Circunscripci\u00f3n: 1, Secci\u00f3n: G de la localidad de [&hellip;]<\/p>\n","protected":false},"author":4,"featured_media":70026,"comment_status":"open","ping_status":"closed","sticky":false,"template":"","format":"standard","meta":{"om_disable_all_campaigns":false,"_jetpack_memberships_contains_paid_content":false,"footnotes":""},"categories":[101,2],"tags":[],"class_list":["post-70024","post","type-post","status-publish","format-standard","has-post-thumbnail","hentry","category-interes-general-locales","category-locales"],"aioseo_notices":[],"gutentor_comment":0,"jetpack_featured_media_url":"https:\/\/eldiariodesanpedro.com.ar\/sitio\/wp-content\/uploads\/2020\/03\/La-revocaci\u00f3n-del-testamento_ZARAGOZA4.jpg","jetpack_shortlink":"https:\/\/wp.me\/p6RhLt-idq","jetpack_sharing_enabled":true,"_links":{"self":[{"href":"https:\/\/eldiariodesanpedro.com.ar\/sitio\/wp-json\/wp\/v2\/posts\/70024","targetHints":{"allow":["GET"]}}],"collection":[{"href":"https:\/\/eldiariodesanpedro.com.ar\/sitio\/wp-json\/wp\/v2\/posts"}],"about":[{"href":"https:\/\/eldiariodesanpedro.com.ar\/sitio\/wp-json\/wp\/v2\/types\/post"}],"author":[{"embeddable":true,"href":"https:\/\/eldiariodesanpedro.com.ar\/sitio\/wp-json\/wp\/v2\/users\/4"}],"replies":[{"embeddable":true,"href":"https:\/\/eldiariodesanpedro.com.ar\/sitio\/wp-json\/wp\/v2\/comments?post=70024"}],"version-history":[{"count":1,"href":"https:\/\/eldiariodesanpedro.com.ar\/sitio\/wp-json\/wp\/v2\/posts\/70024\/revisions"}],"predecessor-version":[{"id":70027,"href":"https:\/\/eldiariodesanpedro.com.ar\/sitio\/wp-json\/wp\/v2\/posts\/70024\/revisions\/70027"}],"wp:featuredmedia":[{"embeddable":true,"href":"https:\/\/eldiariodesanpedro.com.ar\/sitio\/wp-json\/wp\/v2\/media\/70026"}],"wp:attachment":[{"href":"https:\/\/eldiariodesanpedro.com.ar\/sitio\/wp-json\/wp\/v2\/media?parent=70024"}],"wp:term":[{"taxonomy":"category","embeddable":true,"href":"https:\/\/eldiariodesanpedro.com.ar\/sitio\/wp-json\/wp\/v2\/categories?post=70024"},{"taxonomy":"post_tag","embeddable":true,"href":"https:\/\/eldiariodesanpedro.com.ar\/sitio\/wp-json\/wp\/v2\/tags?post=70024"}],"curies":[{"name":"wp","href":"https:\/\/api.w.org\/{rel}","templated":true}]}}