{"id":70020,"date":"2020-03-09T12:50:10","date_gmt":"2020-03-09T15:50:10","guid":{"rendered":"https:\/\/eldiariodesanpedro.com.ar\/sitio\/?p=70020"},"modified":"2020-03-09T12:50:15","modified_gmt":"2020-03-09T15:50:15","slug":"inscripcion-para-los-cursos-de-oficios-en-el-centro-de-formacion-laboral-n401","status":"publish","type":"post","link":"https:\/\/eldiariodesanpedro.com.ar\/sitio\/inscripcion-para-los-cursos-de-oficios-en-el-centro-de-formacion-laboral-n401\/","title":{"rendered":"Inscripci\u00f3n para los cursos de oficios en el Centro de Formaci\u00f3n Laboral N\u00b0401"},"content":{"rendered":"<!-- VideographyWP Plugin Message: Automatic video embedding prevented by plugin options. -->\n\n<p>Se encuentra abierta la inscripci\u00f3n para los cursos gratuitos de oficios que el Centro de Formaci\u00f3n Laboral N\u00b0401 dictar\u00e1 en el a\u00f1o 2020.<\/p>\n\n\n\n<p><br>Para obtener informaci\u00f3n o inscribirse, los interesados deber\u00e1n acercarse de lunes a viernes de 18 a 20.30 hs al edificio del CFL N\u00b0401, ubicado en Las Heras 665.<\/p>\n\n\n\n<p><br>En el marco de las acciones de capacitaci\u00f3n que lleva adelante la Municipalidad, el objetivo es que los vecinos aprendan un nuevo oficio y mejorar la empleabilidad de las personas inscriptas.<\/p>\n\n\n\n<p><br><\/p>\n","protected":false},"excerpt":{"rendered":"<p>Se encuentra abierta la inscripci\u00f3n para los cursos gratuitos de oficios que el Centro de Formaci\u00f3n Laboral N\u00b0401 dictar\u00e1 en el a\u00f1o 2020. Para obtener informaci\u00f3n o inscribirse, los interesados deber\u00e1n acercarse de lunes a viernes de 18 a 20.30 hs al edificio del CFL N\u00b0401, ubicado en Las Heras 665. En el marco de [&hellip;]<\/p>\n","protected":false},"author":4,"featured_media":70021,"comment_status":"open","ping_status":"closed","sticky":false,"template":"","format":"standard","meta":{"om_disable_all_campaigns":false,"_jetpack_memberships_contains_paid_content":false,"footnotes":""},"categories":[101,2],"tags":[],"class_list":["post-70020","post","type-post","status-publish","format-standard","has-post-thumbnail","hentry","category-interes-general-locales","category-locales"],"aioseo_notices":[],"gutentor_comment":0,"jetpack_featured_media_url":"https:\/\/eldiariodesanpedro.com.ar\/sitio\/wp-content\/uploads\/2020\/03\/88335989_2831303813630942_6298841200560439296_o.jpg","jetpack_shortlink":"https:\/\/wp.me\/p6RhLt-idm","jetpack_sharing_enabled":true,"_links":{"self":[{"href":"https:\/\/eldiariodesanpedro.com.ar\/sitio\/wp-json\/wp\/v2\/posts\/70020","targetHints":{"allow":["GET"]}}],"collection":[{"href":"https:\/\/eldiariodesanpedro.com.ar\/sitio\/wp-json\/wp\/v2\/posts"}],"about":[{"href":"https:\/\/eldiariodesanpedro.com.ar\/sitio\/wp-json\/wp\/v2\/types\/post"}],"author":[{"embeddable":true,"href":"https:\/\/eldiariodesanpedro.com.ar\/sitio\/wp-json\/wp\/v2\/users\/4"}],"replies":[{"embeddable":true,"href":"https:\/\/eldiariodesanpedro.com.ar\/sitio\/wp-json\/wp\/v2\/comments?post=70020"}],"version-history":[{"count":1,"href":"https:\/\/eldiariodesanpedro.com.ar\/sitio\/wp-json\/wp\/v2\/posts\/70020\/revisions"}],"predecessor-version":[{"id":70022,"href":"https:\/\/eldiariodesanpedro.com.ar\/sitio\/wp-json\/wp\/v2\/posts\/70020\/revisions\/70022"}],"wp:featuredmedia":[{"embeddable":true,"href":"https:\/\/eldiariodesanpedro.com.ar\/sitio\/wp-json\/wp\/v2\/media\/70021"}],"wp:attachment":[{"href":"https:\/\/eldiariodesanpedro.com.ar\/sitio\/wp-json\/wp\/v2\/media?parent=70020"}],"wp:term":[{"taxonomy":"category","embeddable":true,"href":"https:\/\/eldiariodesanpedro.com.ar\/sitio\/wp-json\/wp\/v2\/categories?post=70020"},{"taxonomy":"post_tag","embeddable":true,"href":"https:\/\/eldiariodesanpedro.com.ar\/sitio\/wp-json\/wp\/v2\/tags?post=70020"}],"curies":[{"name":"wp","href":"https:\/\/api.w.org\/{rel}","templated":true}]}}