{"id":70016,"date":"2020-03-09T12:45:46","date_gmt":"2020-03-09T15:45:46","guid":{"rendered":"https:\/\/eldiariodesanpedro.com.ar\/sitio\/?p=70016"},"modified":"2020-03-09T12:45:51","modified_gmt":"2020-03-09T15:45:51","slug":"grave-accidente-simon-el-nino-de-1-ano-fue-trasladado-a-un-centro-de-mayor-complejidad","status":"publish","type":"post","link":"https:\/\/eldiariodesanpedro.com.ar\/sitio\/grave-accidente-simon-el-nino-de-1-ano-fue-trasladado-a-un-centro-de-mayor-complejidad\/","title":{"rendered":"GRAVE ACCIDENTE: Sim\u00f3n, el ni\u00f1o de 1 a\u00f1o fue trasladado a un Centro de mayor Complejidad"},"content":{"rendered":"<!-- VideographyWP Plugin Message: Automatic video embedding prevented by plugin options. -->\n\n<p>El menor circulaba en una moto junto a sus pap\u00e1s cuando colisionaron contra un adolescente en bicicleta. La familia result\u00f3 lesionada p\u00e8ro el m\u00e1s peque\u00f1o fue trasladado de urgencia a un centro de mayor complejidad por lesiones graves abdominales.<br><\/p>\n\n\n\n<p>El hecho se produjo este domingo por la tarde en intersecci\u00f3n de las calles Belgrano y Pueyrred\u00f3n cuando una moto marca Guerrero modelo conducida por un masculino mayor de edad, quien iba junto a su pareja femenina  y menor de un a\u00f1o, contra una bicicleta guiada por un adolescente. <\/p>\n\n\n\n<p>Como consecuencia todos resultan lesionados de car\u00e1cter leves, pero el\u00a0 menor de un a\u00f1o sufre graves  lesiones abdominales quien es  trasladado de urgencia a un centro de mayor complejidad.\u00a0<br><\/p>\n\n\n\n<p><br>Consultado este medio con un familiar nos cont\u00f3,\u00bb mi sobrina esta muy mal, no se acuerda bien como fue, se que nos dijo que\u00a0 tuvieron un accidente en moto , un nene iba en bici en contramano y chocaron, Simon tiene sus \u00f3rganos fuera de lugar\u00bb.<br><\/p>\n\n\n\n<p>En este momento se encuentra en el Hospital de ni\u00f1os de La Plata , se encuentran realizando estudios para evaluar una intervenci\u00f3n quir\u00fargica.<br><\/p>\n\n\n\n<p>Familiares y amigos piden cadena de oraci\u00f3n para su pronta recuperaci\u00f3n.<\/p>\n\n\n\n<figure class=\"wp-block-image size-large\"><img decoding=\"async\" width=\"541\" height=\"960\" data-attachment-id=\"70002\" data-permalink=\"https:\/\/eldiariodesanpedro.com.ar\/sitio\/cadena-de-oracion-para-simon\/89436105_900225703729657_4378080148742733824_o\/\" data-orig-file=\"https:\/\/eldiariodesanpedro.com.ar\/sitio\/wp-content\/uploads\/2020\/03\/89436105_900225703729657_4378080148742733824_o.jpg\" data-orig-size=\"541,960\" data-comments-opened=\"1\" data-image-meta=\"{&quot;aperture&quot;:&quot;0&quot;,&quot;credit&quot;:&quot;&quot;,&quot;camera&quot;:&quot;&quot;,&quot;caption&quot;:&quot;&quot;,&quot;created_timestamp&quot;:&quot;0&quot;,&quot;copyright&quot;:&quot;&quot;,&quot;focal_length&quot;:&quot;0&quot;,&quot;iso&quot;:&quot;0&quot;,&quot;shutter_speed&quot;:&quot;0&quot;,&quot;title&quot;:&quot;&quot;,&quot;orientation&quot;:&quot;0&quot;}\" data-image-title=\"89436105_900225703729657_4378080148742733824_o\" data-image-description=\"\" data-image-caption=\"\" data-large-file=\"https:\/\/eldiariodesanpedro.com.ar\/sitio\/wp-content\/uploads\/2020\/03\/89436105_900225703729657_4378080148742733824_o.jpg\" data-src=\"https:\/\/eldiariodesanpedro.com.ar\/sitio\/wp-content\/uploads\/2020\/03\/89436105_900225703729657_4378080148742733824_o.jpg\" alt=\"\" class=\"wp-image-70002 lazyload\" data-srcset=\"https:\/\/eldiariodesanpedro.com.ar\/sitio\/wp-content\/uploads\/2020\/03\/89436105_900225703729657_4378080148742733824_o.jpg 541w, https:\/\/eldiariodesanpedro.com.ar\/sitio\/wp-content\/uploads\/2020\/03\/89436105_900225703729657_4378080148742733824_o-169x300.jpg 169w\" data-sizes=\"(max-width: 541px) 100vw, 541px\" src=\"data:image\/svg+xml;base64,PHN2ZyB3aWR0aD0iMSIgaGVpZ2h0PSIxIiB4bWxucz0iaHR0cDovL3d3dy53My5vcmcvMjAwMC9zdmciPjwvc3ZnPg==\" style=\"--smush-placeholder-width: 541px; --smush-placeholder-aspect-ratio: 541\/960;\" \/><\/figure>\n\n\n\n<p><br><\/p>\n","protected":false},"excerpt":{"rendered":"<p>El menor circulaba en una moto junto a sus pap\u00e1s cuando colisionaron contra un adolescente en bicicleta. La familia result\u00f3 lesionada p\u00e8ro el m\u00e1s peque\u00f1o fue trasladado de urgencia a un centro de mayor complejidad por lesiones graves abdominales. El hecho se produjo este domingo por la tarde en intersecci\u00f3n de las calles Belgrano y [&hellip;]<\/p>\n","protected":false},"author":4,"featured_media":70018,"comment_status":"open","ping_status":"closed","sticky":false,"template":"","format":"standard","meta":{"om_disable_all_campaigns":false,"_jetpack_memberships_contains_paid_content":false,"footnotes":""},"categories":[2,103],"tags":[],"class_list":["post-70016","post","type-post","status-publish","format-standard","has-post-thumbnail","hentry","category-locales","category-policiales-locales"],"aioseo_notices":[],"gutentor_comment":1,"jetpack_featured_media_url":"https:\/\/eldiariodesanpedro.com.ar\/sitio\/wp-content\/uploads\/2020\/03\/hospital-de-ni\u00f1os-la-plata.jpg","jetpack_shortlink":"https:\/\/wp.me\/p6RhLt-idi","jetpack_sharing_enabled":true,"_links":{"self":[{"href":"https:\/\/eldiariodesanpedro.com.ar\/sitio\/wp-json\/wp\/v2\/posts\/70016","targetHints":{"allow":["GET"]}}],"collection":[{"href":"https:\/\/eldiariodesanpedro.com.ar\/sitio\/wp-json\/wp\/v2\/posts"}],"about":[{"href":"https:\/\/eldiariodesanpedro.com.ar\/sitio\/wp-json\/wp\/v2\/types\/post"}],"author":[{"embeddable":true,"href":"https:\/\/eldiariodesanpedro.com.ar\/sitio\/wp-json\/wp\/v2\/users\/4"}],"replies":[{"embeddable":true,"href":"https:\/\/eldiariodesanpedro.com.ar\/sitio\/wp-json\/wp\/v2\/comments?post=70016"}],"version-history":[{"count":1,"href":"https:\/\/eldiariodesanpedro.com.ar\/sitio\/wp-json\/wp\/v2\/posts\/70016\/revisions"}],"predecessor-version":[{"id":70019,"href":"https:\/\/eldiariodesanpedro.com.ar\/sitio\/wp-json\/wp\/v2\/posts\/70016\/revisions\/70019"}],"wp:featuredmedia":[{"embeddable":true,"href":"https:\/\/eldiariodesanpedro.com.ar\/sitio\/wp-json\/wp\/v2\/media\/70018"}],"wp:attachment":[{"href":"https:\/\/eldiariodesanpedro.com.ar\/sitio\/wp-json\/wp\/v2\/media?parent=70016"}],"wp:term":[{"taxonomy":"category","embeddable":true,"href":"https:\/\/eldiariodesanpedro.com.ar\/sitio\/wp-json\/wp\/v2\/categories?post=70016"},{"taxonomy":"post_tag","embeddable":true,"href":"https:\/\/eldiariodesanpedro.com.ar\/sitio\/wp-json\/wp\/v2\/tags?post=70016"}],"curies":[{"name":"wp","href":"https:\/\/api.w.org\/{rel}","templated":true}]}}