{"id":70012,"date":"2020-03-09T11:46:35","date_gmt":"2020-03-09T14:46:35","guid":{"rendered":"https:\/\/eldiariodesanpedro.com.ar\/sitio\/?p=70012"},"modified":"2020-03-09T11:46:42","modified_gmt":"2020-03-09T14:46:42","slug":"8m-hubo-movilizacion-en-san-pedro-en-la-antesala-del-paro-internacional-de-mujeres","status":"publish","type":"post","link":"https:\/\/eldiariodesanpedro.com.ar\/sitio\/8m-hubo-movilizacion-en-san-pedro-en-la-antesala-del-paro-internacional-de-mujeres\/","title":{"rendered":"8M: Hubo movilizaci\u00f3n en San Pedro en la antesala del Paro Internacional de Mujeres"},"content":{"rendered":"<!-- VideographyWP Plugin Message: Automatic video embedding prevented by plugin options. -->\n\n<p>Con c\u00e1nticos alusivos a la jornada, en medio de una estad\u00edstica de femicidios acuciantes, este domingo 8 hubo marcha en San Pedro, en el marco del D\u00eda de la Mujer Trabajadora, en la antesala del paro internacional de mujeres convocado para este lunes 9.<\/p>\n\n\n\n<p>Un buen marco de p\u00fablico dijo presente para acompa\u00f1ar la marcha que incluy\u00f3, adem\u00e1s, una radio abierta con la adhesi\u00f3n del grupo de percusi\u00f3n de Los Naranjos y el Aquellarre de Tamboras.&nbsp;<\/p>\n\n\n\n<p>La movilizaci\u00f3n finaliz\u00f3 en la Municipalidad donde se dio lectura al documento elaborado por la Multisectorial de Mujeres<\/p>\n\n\n\n<p>El documento completo<\/p>\n\n\n\n<p><em>Este 8 de marzo, d\u00eda internacional de la mujer trabajadora, nos vuelve a reunir en las calles de San Pedro, con una nefasta estad\u00edstica sobre las espaldas de la dirigencia pol\u00edtica y sobre nuestros cuerpos: la de una mujer asesinada cada 12 horas en lo que va de marzo en manos de la violencia machista y patriarcal, con cerca de 70 mujeres cuyas voces fueron calladas para siempre en este 2020. Con 90 pibes y pibas que se quedaron sin su mam\u00e1.\u00a0<br>Con la urgencia de exigir la declaraci\u00f3n de la emergencia nacional, volvemos a las calles, volvemos a exigir el cumplimiento de nuestros derechos, que comienzan por el m\u00e1s b\u00e1sico, nuestro derecho a vivir, libres y sin miedo.\u00a0<br>En este contexto de necesidad y urgencias, no queremos dejar de destacar lo que consideramos son grandes logros de la militancia, logros de nuestros cuerpos y cuerpas brindados de lleno a la lucha, logros de las compa\u00f1eras que quedaron en el camino pero viven en nosotras. Celebramos la creaci\u00f3n de los ministerios de mujeres y g\u00e9nero por parte de la administraci\u00f3n nacional y provincial, la asignaci\u00f3n de recursos para pol\u00edticas de g\u00e9nero y el compromiso con la capacitaci\u00f3n en g\u00e9nero a partir de la Ley Micaela.\u00a0<br>Destacamos la implementaci\u00f3n de las licencias por violencia de g\u00e9nero, que permiten a las trabajadoras estatales v\u00edctimas de los machitos licenciar sus cargos sin recurrir a las licencias psiqui\u00e1tricas que despu\u00e9s el propio victimario usa en contra de sus v\u00edctimas durante las contiendas legales por dinero y manutenci\u00f3n de hijes en com\u00fan.\u00a0<br>Vemos con orgullo como las consignas de la campa\u00f1a por el derecho a decidir sobre nuestros cuerpos, con la consigna \u201cEducaci\u00f3n Sexual para decidir, anticonceptivos para no abortar y aborto legal para no morir\u201d, ser\u00e1n la base para los proyectos que el Ejecutivo de Alberto Fern\u00e1ndez enviar\u00e1 al Congreso no solamente para garantizar la legalidad y gratuidad del aborto en los hospitales y centros de salud, sino tambi\u00e9n para profundizar las pol\u00edticas que permitan evitar los embarazos no deseados y \u00a0acompa\u00f1ar desde el Estado a las mujeres que desean ser madres en los primeros mil d\u00edas del ni\u00f1e.\u00a0<br>Celebramos que, pese a la inusitada demora, nuestros Concejales y Concejalas hayan logrado los acuerdos pol\u00edticos para implementar la ley de cupo laboral trans en la Municipalidad de San Pedro y la capacitaci\u00f3n en g\u00e9nero para todo el personal de los poderes ejecutivo, legislativo y judicial, as\u00ed como trabajadores y trabajadoras de cada una de esas \u00e1reas.\u00a0<br>Esperamos que esto se traduzca en el cambio en las pol\u00edticas implementadas por el Ejecutivo, con transversalidad de las cuestiones de g\u00e9nero, y tambi\u00e9n en las estrategias comunicacionales de la Municipalidad, donde el lenguaje inclusivo no se aplica y el uso del masculino excluye a gran parte de la poblaci\u00f3n. Tambi\u00e9n anticipamos que velaremos por el cumplimiento del cupo laboral trans, a las vistas que el estado municipal sigue contratando gente, sin llamado a concurso ni acreditaci\u00f3n de idoneidad, sino en elecciones arbitrarias, a dedo, de quienes responden ideol\u00f3gicamente al Intendente Cecilio Salazar.<br>La realidad nos marca que las pol\u00edticas implementadas siguen siendo insuficientes.\u00a0<br>Hoy es necesario interpelar e interpelarnos desde \u00a0el rol de la mujer y su v\u00ednculo con el trabajo. Si entendemos al trabajo como aquella actividad social que nos da un lugar en la comunidad, la sociedad y el mundo, valorado por un colectivo y que es indispensable para nuestra autovaloraci\u00f3n, entonces como es posible concebirse si no cuento con esta herramienta fundamental?<br>Es necesario hacer foco en la ausencia del Estado, agravada en los \u00faltimos cuatro a\u00f1os, y la escasez de pol\u00edticas p\u00fablicas y programas sociales que brinden a las mujeres la posibilidad de contemplarse como trabajadoras. Es necesario poner en discusi\u00f3n nuevas formas de hacer pol\u00edticas sociales que muestren capacidad de respuesta ante el desaf\u00edo de la mujer hoy y que promuevan el desarrollo de un modelo de ciudadan\u00eda que recupere la centralidad de los derechos, la solidaridad y por sobre todo la construcci\u00f3n colectiva de formas m\u00e1s inclusivas de participaci\u00f3n en la toma de decisiones.<br>Las mujeres que salimos a reclamar y gritar que se est\u00e1n vulnerando nuestros derechos somos todas trabajadoras. Desde el hogar, con el cuidado de la familia, con emprendimientos barriales para hacerle frente a la crisis y poder cubrir necesidades b\u00e1sicas como la alimentaci\u00f3n, desde el asociativismo para fortalecernos y poder ir a pelear espacios que antes solo eran para el g\u00e9nero masculino. Tuvimos que aprender, que la sororidad no solo es una palabra de moda, sino que nos incluye y abraza haciendo que nuestra voz se escuche m\u00e1s fuerte.<br>Porque sabemos que las violencias econ\u00f3micas son el engranaje imprescindible de las violencias machistas. Porque sabemos que no hay deuda p\u00fablica y externa que no se traduzca en deuda dom\u00e9stica y en ajuste para todes. Porque en los \u00faltimos cuatro a\u00f1os mientras el gobierno y los empresarios c\u00f3mplices nos endeudaron para fugar los d\u00f3lares, nosotras y nosotres sostuvimos la reproducci\u00f3n de la vida, en los barrios, las casas, las calles, las escuelas, los hospitales y las universidades. Por todo eso hoy gritamos que la deuda es con nosotras y con nosotres. Y en ese sentido levantamos la consigna contra el Fondo Monetario Internacional y los acreedores privados. Vivas, libres y desendeudadas nos queremos.<br>El paro internacional de mujeres este lunes 9 de Marzo pone nuevamente el debate en torno a la situaci\u00f3n econ\u00f3mica de las mujeres, pero tambi\u00e9n, de la violencia simb\u00f3lica \u00a0y situaciones de acoso callejero, violencia laboral y el hartazgo de muchas situaciones de la vida cotidiana que no estamos dispuestas a tolerar de manera silenciosa nunca m\u00e1s.<br>Creemos urgente e indispensable la convocatoria en San Pedro a la Mesa Local de Prevenci\u00f3n y Atenci\u00f3n de la Violencia de G\u00e9nero y Familiar que a\u00fan no ha tenido convocatoria en lo que va del 2020 y que apenas si se ha reunido un pu\u00f1ado de veces en el 2019, dejando de lado a las agrupaciones que integramos la sociedad civil.<br>La necesidad de dotar de recursos al \u00e1rea de Desarrollo Humano y a la Comisar\u00eda de la Mujer siguen siendo ejes de nuestros reclamos desde nuestra formaci\u00f3n sin que hasta el momento se haya contemplado el pedido. Exigimos la incorporaci\u00f3n de personal id\u00f3neo y por concurso a la Secretar\u00eda que encabeza Walter S\u00e1nchez. Basta de acomodos pol\u00edticos en un \u00e1rea en la que urge dar respuesta a los temas m\u00e1s sensibles que nos tienen como mujeres como protagonistas, junto a les ni\u00f1es.<br>Pedimos que haya en el \u00e1rea de Salud, en todos los centros de salud barriales y en los hospitales del distrito personal m\u00e9dico id\u00f3neo para la atenci\u00f3n de compa\u00f1eros y compa\u00f1eras trans, travestis, transexuales y\/o no binaries, donde la atenci\u00f3n m\u00e9dica se d\u00e9 con perspectiva de g\u00e9nero y respeto de la identidad del paciente.<br>Reclamamos que haya acceso a m\u00e9todos de anticoncepci\u00f3n y prevenci\u00f3n de enfermedades de transmisi\u00f3n sexual que contemplen la multiplicidad de relaciones sexuales posibles, incluyendo a las compa\u00f1eras lesbianas.<br>Exigimos al \u00e1rea de Educaci\u00f3n el cumplimiento en la aplicaci\u00f3n de la ESI en todos los establecimientos educativos y la capacitaci\u00f3n para todas y todos los docentes en la ley de identidad de g\u00e9nero para un mejor desarrollo de ni\u00f1es trans y adolescentes.<br>Hay mucho, tanto, por hacer, que no podr\u00e1 hacerse sin el compromiso real de todos, todas y todes. La clase pol\u00edtica que deber\u00e1 legislar y velar por el cumplimiento de nuestros derechos; una justicia que deje de revictimizarnos y que atienda la urgencia de nuestras demandas; recursos genuinos, capacitaci\u00f3n y contenci\u00f3n de las mujeres v\u00edctimas de violencia por parte del Estado; respeto por la identidad y la diversidad sexual en todas las instancias sociales.\u00a0<br>Necesitamos de nuevas masculinidades: el rol de los varones hoy presentes no puede limitarse al simple acompa\u00f1amiento. Necesitamos cambios profundos en la matriz patriarcal para que dejen de disponer de nuestros cuerpos como si fueran suyos. No necesitamos aliades, necesitamos compromiso genuino; no queremos discursos; exigimos acciones.<br>Por todas las compa\u00f1eras que ya no est\u00e1n para reclamar sus derechos, por todas las compa\u00f1eras que s\u00ed estamos; por las que todav\u00eda no han logrado salir de las redes del sistema machista; por las que consideran no las representamos; por nuestros ni\u00f1os, ni\u00f1as y ni\u00f1es. Por nuestros derechos, por nuestra vida, les invitamos a seguir en las calles, les invitamos a parar este lunes 9, les invitamos a gritar en una sola voz: Vivas, libres, desendeudadas y sin miedo nos queremos.\u00a0<\/em><\/p>\n\n\n\n<p>FUENTE: VISION REGIONAL<\/p>\n","protected":false},"excerpt":{"rendered":"<p>Con c\u00e1nticos alusivos a la jornada, en medio de una estad\u00edstica de femicidios acuciantes, este domingo 8 hubo marcha en San Pedro, en el marco del D\u00eda de la Mujer Trabajadora, en la antesala del paro internacional de mujeres convocado para este lunes 9. Un buen marco de p\u00fablico dijo presente para acompa\u00f1ar la marcha [&hellip;]<\/p>\n","protected":false},"author":4,"featured_media":70013,"comment_status":"open","ping_status":"closed","sticky":false,"template":"","format":"standard","meta":{"om_disable_all_campaigns":false,"_jetpack_memberships_contains_paid_content":false,"footnotes":""},"categories":[101,2],"tags":[],"class_list":["post-70012","post","type-post","status-publish","format-standard","has-post-thumbnail","hentry","category-interes-general-locales","category-locales"],"aioseo_notices":[],"gutentor_comment":1,"jetpack_featured_media_url":"https:\/\/eldiariodesanpedro.com.ar\/sitio\/wp-content\/uploads\/2020\/03\/8m_2020_2.jpg","jetpack_shortlink":"https:\/\/wp.me\/p6RhLt-ide","jetpack_sharing_enabled":true,"_links":{"self":[{"href":"https:\/\/eldiariodesanpedro.com.ar\/sitio\/wp-json\/wp\/v2\/posts\/70012","targetHints":{"allow":["GET"]}}],"collection":[{"href":"https:\/\/eldiariodesanpedro.com.ar\/sitio\/wp-json\/wp\/v2\/posts"}],"about":[{"href":"https:\/\/eldiariodesanpedro.com.ar\/sitio\/wp-json\/wp\/v2\/types\/post"}],"author":[{"embeddable":true,"href":"https:\/\/eldiariodesanpedro.com.ar\/sitio\/wp-json\/wp\/v2\/users\/4"}],"replies":[{"embeddable":true,"href":"https:\/\/eldiariodesanpedro.com.ar\/sitio\/wp-json\/wp\/v2\/comments?post=70012"}],"version-history":[{"count":1,"href":"https:\/\/eldiariodesanpedro.com.ar\/sitio\/wp-json\/wp\/v2\/posts\/70012\/revisions"}],"predecessor-version":[{"id":70014,"href":"https:\/\/eldiariodesanpedro.com.ar\/sitio\/wp-json\/wp\/v2\/posts\/70012\/revisions\/70014"}],"wp:featuredmedia":[{"embeddable":true,"href":"https:\/\/eldiariodesanpedro.com.ar\/sitio\/wp-json\/wp\/v2\/media\/70013"}],"wp:attachment":[{"href":"https:\/\/eldiariodesanpedro.com.ar\/sitio\/wp-json\/wp\/v2\/media?parent=70012"}],"wp:term":[{"taxonomy":"category","embeddable":true,"href":"https:\/\/eldiariodesanpedro.com.ar\/sitio\/wp-json\/wp\/v2\/categories?post=70012"},{"taxonomy":"post_tag","embeddable":true,"href":"https:\/\/eldiariodesanpedro.com.ar\/sitio\/wp-json\/wp\/v2\/tags?post=70012"}],"curies":[{"name":"wp","href":"https:\/\/api.w.org\/{rel}","templated":true}]}}