{"id":70001,"date":"2020-03-09T11:00:32","date_gmt":"2020-03-09T14:00:32","guid":{"rendered":"https:\/\/eldiariodesanpedro.com.ar\/sitio\/?p=70001"},"modified":"2020-03-09T11:00:38","modified_gmt":"2020-03-09T14:00:38","slug":"cadena-de-oracion-para-simon","status":"publish","type":"post","link":"https:\/\/eldiariodesanpedro.com.ar\/sitio\/cadena-de-oracion-para-simon\/","title":{"rendered":"Cadena de oraci\u00f3n para Simon"},"content":{"rendered":"<!-- VideographyWP Plugin Message: Automatic video embedding prevented by plugin options. -->\n\n<p>\u00abLes vengo a robar un minuto de su tiempo, para pedirles cadena de oraci\u00f3n por Sim\u00f3n, mi beb\u00e9, mi hijo\u00bb, publicaba su mam\u00e1 en su red social.<br><\/p>\n\n\n\n<p>La joven cuenta que tuvo un accidente con su peque\u00f1o este domingo por la tarde y sufrio un golpe muy fuerte en la cabeza.<\/p>\n\n\n\n<p>\u00abEstamos en La Plata, tuvimos un accidente  entre las 16:00 y las 17:00 de la tarde. Mi beb\u00e9 sufri\u00f3 un golpe muy grave. Le pedir\u00eda si me ayudan con una oraci\u00f3n,y compartiendo\u00bb<\/p>\n\n\n\n<figure class=\"wp-block-image size-large\"><img decoding=\"async\" width=\"512\" height=\"640\" data-attachment-id=\"70003\" data-permalink=\"https:\/\/eldiariodesanpedro.com.ar\/sitio\/cadena-de-oracion-para-simon\/89219518_1037785206591886_5782870316682313728_o\/\" data-orig-file=\"https:\/\/eldiariodesanpedro.com.ar\/sitio\/wp-content\/uploads\/2020\/03\/89219518_1037785206591886_5782870316682313728_o.jpg\" data-orig-size=\"512,640\" data-comments-opened=\"1\" data-image-meta=\"{&quot;aperture&quot;:&quot;0&quot;,&quot;credit&quot;:&quot;&quot;,&quot;camera&quot;:&quot;&quot;,&quot;caption&quot;:&quot;&quot;,&quot;created_timestamp&quot;:&quot;0&quot;,&quot;copyright&quot;:&quot;&quot;,&quot;focal_length&quot;:&quot;0&quot;,&quot;iso&quot;:&quot;0&quot;,&quot;shutter_speed&quot;:&quot;0&quot;,&quot;title&quot;:&quot;&quot;,&quot;orientation&quot;:&quot;0&quot;}\" data-image-title=\"89219518_1037785206591886_5782870316682313728_o\" data-image-description=\"\" data-image-caption=\"\" data-large-file=\"https:\/\/eldiariodesanpedro.com.ar\/sitio\/wp-content\/uploads\/2020\/03\/89219518_1037785206591886_5782870316682313728_o.jpg\" data-src=\"https:\/\/eldiariodesanpedro.com.ar\/sitio\/wp-content\/uploads\/2020\/03\/89219518_1037785206591886_5782870316682313728_o.jpg\" alt=\"\" class=\"wp-image-70003 lazyload\" data-srcset=\"https:\/\/eldiariodesanpedro.com.ar\/sitio\/wp-content\/uploads\/2020\/03\/89219518_1037785206591886_5782870316682313728_o.jpg 512w, https:\/\/eldiariodesanpedro.com.ar\/sitio\/wp-content\/uploads\/2020\/03\/89219518_1037785206591886_5782870316682313728_o-240x300.jpg 240w\" data-sizes=\"(max-width: 512px) 100vw, 512px\" src=\"data:image\/svg+xml;base64,PHN2ZyB3aWR0aD0iMSIgaGVpZ2h0PSIxIiB4bWxucz0iaHR0cDovL3d3dy53My5vcmcvMjAwMC9zdmciPjwvc3ZnPg==\" style=\"--smush-placeholder-width: 512px; --smush-placeholder-aspect-ratio: 512\/640;\" \/><\/figure>\n\n\n\n<p>Familiares y amigos tambien hicieron eco del pedido <\/p>\n\n\n\n<p>\u00abse que la f\u00e9 mueve monta\u00f1as, le pedimos x Favor cadena de oraci\u00f3n por Sim\u00f3n De La Fuente, tiene apenas 1 a\u00f1ito de vida , hoy x la tarde tuvo un accidente con sus padres , tuvo que ser derivado de urgencia a La Plata, para ser operado , pedimos la solidaridad de todos para que Sim\u00f3n salga de est\u00e1 mala pasada de la vida , Por favor ayudennos &#8230; Estamos destrozados\u00a0<a href=\"https:\/\/www.facebook.com\/hashtag\/compartan?source=feed_text&amp;epa=HASHTAG\">#Compartan<\/a>\u00a0as\u00ed somos m\u00e1s !\u00a0\u00ab<\/p>\n\n\n\n<p> <\/p>\n\n\n\n<figure class=\"wp-block-image size-large\"><img decoding=\"async\" width=\"541\" height=\"960\" data-attachment-id=\"70002\" data-permalink=\"https:\/\/eldiariodesanpedro.com.ar\/sitio\/cadena-de-oracion-para-simon\/89436105_900225703729657_4378080148742733824_o\/\" data-orig-file=\"https:\/\/eldiariodesanpedro.com.ar\/sitio\/wp-content\/uploads\/2020\/03\/89436105_900225703729657_4378080148742733824_o.jpg\" data-orig-size=\"541,960\" data-comments-opened=\"1\" data-image-meta=\"{&quot;aperture&quot;:&quot;0&quot;,&quot;credit&quot;:&quot;&quot;,&quot;camera&quot;:&quot;&quot;,&quot;caption&quot;:&quot;&quot;,&quot;created_timestamp&quot;:&quot;0&quot;,&quot;copyright&quot;:&quot;&quot;,&quot;focal_length&quot;:&quot;0&quot;,&quot;iso&quot;:&quot;0&quot;,&quot;shutter_speed&quot;:&quot;0&quot;,&quot;title&quot;:&quot;&quot;,&quot;orientation&quot;:&quot;0&quot;}\" data-image-title=\"89436105_900225703729657_4378080148742733824_o\" data-image-description=\"\" data-image-caption=\"\" data-large-file=\"https:\/\/eldiariodesanpedro.com.ar\/sitio\/wp-content\/uploads\/2020\/03\/89436105_900225703729657_4378080148742733824_o.jpg\" data-src=\"https:\/\/eldiariodesanpedro.com.ar\/sitio\/wp-content\/uploads\/2020\/03\/89436105_900225703729657_4378080148742733824_o.jpg\" alt=\"\" class=\"wp-image-70002 lazyload\" data-srcset=\"https:\/\/eldiariodesanpedro.com.ar\/sitio\/wp-content\/uploads\/2020\/03\/89436105_900225703729657_4378080148742733824_o.jpg 541w, https:\/\/eldiariodesanpedro.com.ar\/sitio\/wp-content\/uploads\/2020\/03\/89436105_900225703729657_4378080148742733824_o-169x300.jpg 169w\" data-sizes=\"(max-width: 541px) 100vw, 541px\" src=\"data:image\/svg+xml;base64,PHN2ZyB3aWR0aD0iMSIgaGVpZ2h0PSIxIiB4bWxucz0iaHR0cDovL3d3dy53My5vcmcvMjAwMC9zdmciPjwvc3ZnPg==\" style=\"--smush-placeholder-width: 541px; --smush-placeholder-aspect-ratio: 541\/960;\" \/><\/figure>\n","protected":false},"excerpt":{"rendered":"<p>\u00abLes vengo a robar un minuto de su tiempo, para pedirles cadena de oraci\u00f3n por Sim\u00f3n, mi beb\u00e9, mi hijo\u00bb, publicaba su mam\u00e1 en su red social. La joven cuenta que tuvo un accidente con su peque\u00f1o este domingo por la tarde y sufrio un golpe muy fuerte en la cabeza. \u00abEstamos en La Plata, [&hellip;]<\/p>\n","protected":false},"author":4,"featured_media":70002,"comment_status":"open","ping_status":"closed","sticky":false,"template":"","format":"standard","meta":{"om_disable_all_campaigns":false,"_jetpack_memberships_contains_paid_content":false,"footnotes":""},"categories":[101,2],"tags":[],"class_list":["post-70001","post","type-post","status-publish","format-standard","has-post-thumbnail","hentry","category-interes-general-locales","category-locales"],"aioseo_notices":[],"gutentor_comment":0,"jetpack_featured_media_url":"https:\/\/eldiariodesanpedro.com.ar\/sitio\/wp-content\/uploads\/2020\/03\/89436105_900225703729657_4378080148742733824_o.jpg","jetpack_shortlink":"https:\/\/wp.me\/p6RhLt-id3","jetpack_sharing_enabled":true,"_links":{"self":[{"href":"https:\/\/eldiariodesanpedro.com.ar\/sitio\/wp-json\/wp\/v2\/posts\/70001","targetHints":{"allow":["GET"]}}],"collection":[{"href":"https:\/\/eldiariodesanpedro.com.ar\/sitio\/wp-json\/wp\/v2\/posts"}],"about":[{"href":"https:\/\/eldiariodesanpedro.com.ar\/sitio\/wp-json\/wp\/v2\/types\/post"}],"author":[{"embeddable":true,"href":"https:\/\/eldiariodesanpedro.com.ar\/sitio\/wp-json\/wp\/v2\/users\/4"}],"replies":[{"embeddable":true,"href":"https:\/\/eldiariodesanpedro.com.ar\/sitio\/wp-json\/wp\/v2\/comments?post=70001"}],"version-history":[{"count":1,"href":"https:\/\/eldiariodesanpedro.com.ar\/sitio\/wp-json\/wp\/v2\/posts\/70001\/revisions"}],"predecessor-version":[{"id":70004,"href":"https:\/\/eldiariodesanpedro.com.ar\/sitio\/wp-json\/wp\/v2\/posts\/70001\/revisions\/70004"}],"wp:featuredmedia":[{"embeddable":true,"href":"https:\/\/eldiariodesanpedro.com.ar\/sitio\/wp-json\/wp\/v2\/media\/70002"}],"wp:attachment":[{"href":"https:\/\/eldiariodesanpedro.com.ar\/sitio\/wp-json\/wp\/v2\/media?parent=70001"}],"wp:term":[{"taxonomy":"category","embeddable":true,"href":"https:\/\/eldiariodesanpedro.com.ar\/sitio\/wp-json\/wp\/v2\/categories?post=70001"},{"taxonomy":"post_tag","embeddable":true,"href":"https:\/\/eldiariodesanpedro.com.ar\/sitio\/wp-json\/wp\/v2\/tags?post=70001"}],"curies":[{"name":"wp","href":"https:\/\/api.w.org\/{rel}","templated":true}]}}