{"id":7000,"date":"2016-08-10T20:04:42","date_gmt":"2016-08-10T23:04:42","guid":{"rendered":"https:\/\/eldiariodesanpedro.com.ar\/sitio\/?p=7000"},"modified":"2016-08-10T20:04:42","modified_gmt":"2016-08-10T23:04:42","slug":"feb-y-suteba-confirmaron-el-paro-y-se-sumaran-a-la-jornada-de-protesta-de-hoy","status":"publish","type":"post","link":"https:\/\/eldiariodesanpedro.com.ar\/sitio\/feb-y-suteba-confirmaron-el-paro-y-se-sumaran-a-la-jornada-de-protesta-de-hoy\/","title":{"rendered":"FEB y SUTEBA confirmaron el paro y se sumar\u00e1n a la jornada de protesta de hoy"},"content":{"rendered":"<p><!-- VideographyWP Plugin Message: Automatic video embedding prevented by plugin options. --><br \/>\nLos docentes de SUTEBA y de la Federaci\u00f3n de Educadores Bonaerenses (FEB) se sumar\u00e1n al paro de hoy, donde ya confirmaron los estatales de ATE, los m\u00e9dicos de CICOP, los judiciales de la AJB y los docentes de UDOCBA y parar\u00e1n por 24 horas tras no obtener la respuesta esperada en el marco de la discusi\u00f3n por salarios.<br \/>\nLa semana pasada, SUTEBA se reuni\u00f3 y vot\u00f3 a favor de una medida de fuerza en caso que el gobierno provincial no diera respuestas al reclamo de reapertura de la mesa t\u00e9cnico salarial para alcanzar una recomposici\u00f3n salarial acorde a la inflaci\u00f3n.<br \/>\nCon la confirmaci\u00f3n de la adhesi\u00f3n de SUTEBA y la FEB, el paro de ma\u00f1ana tendr\u00e1 un fuerte respaldo. A futuro, los docentes anticipan reclamos para las pr\u00f3ximas semanas, lo que podr\u00eda generar inconvenientes en las escuelas bonaerenses y frente a esta posibilidad, el gobierno provincial deber\u00e1 tomar cartas en el asunto.<br \/>\nLuego de la reuni\u00f3n del pasado 9 de agosto con los gremios docentes, la gesti\u00f3n de Mar\u00eda Eugenia Vidal no present\u00f3 ninguna oferta de incremento salarial. \u201cEl \u00faltimo 7 de julio, los sindicatos docentes entregamos una propuesta de recomposici\u00f3n e incremento salarial. Le dimos tiempo suficiente al Gobierno para analizarla y, en caso de no estar de acuerdo, presentar una propuesta alternativa. Pero no hubo ni siquiera un planteo que nos permitiera discutir sobre n\u00fameros concretos\u201d, se\u00f1al\u00f3 Mirta Petroccini de la FEB.<\/p>\n","protected":false},"excerpt":{"rendered":"<p>Los docentes de SUTEBA y de la Federaci\u00f3n de Educadores Bonaerenses (FEB) se sumar\u00e1n al paro de hoy, donde ya confirmaron los estatales de ATE, los m\u00e9dicos de CICOP, los judiciales de la AJB y los docentes de UDOCBA y parar\u00e1n por 24 horas tras no obtener la respuesta esperada en el marco de la [&hellip;]<\/p>\n","protected":false},"author":4,"featured_media":7001,"comment_status":"open","ping_status":"closed","sticky":false,"template":"","format":"standard","meta":{"om_disable_all_campaigns":false,"_jetpack_memberships_contains_paid_content":false,"footnotes":""},"categories":[101,2],"tags":[],"class_list":["post-7000","post","type-post","status-publish","format-standard","has-post-thumbnail","hentry","category-interes-general-locales","category-locales"],"aioseo_notices":[],"gutentor_comment":0,"jetpack_featured_media_url":"https:\/\/eldiariodesanpedro.com.ar\/sitio\/wp-content\/uploads\/2016\/08\/suteba-4-2.jpg","jetpack_shortlink":"https:\/\/wp.me\/p6RhLt-1OU","jetpack_sharing_enabled":true,"_links":{"self":[{"href":"https:\/\/eldiariodesanpedro.com.ar\/sitio\/wp-json\/wp\/v2\/posts\/7000","targetHints":{"allow":["GET"]}}],"collection":[{"href":"https:\/\/eldiariodesanpedro.com.ar\/sitio\/wp-json\/wp\/v2\/posts"}],"about":[{"href":"https:\/\/eldiariodesanpedro.com.ar\/sitio\/wp-json\/wp\/v2\/types\/post"}],"author":[{"embeddable":true,"href":"https:\/\/eldiariodesanpedro.com.ar\/sitio\/wp-json\/wp\/v2\/users\/4"}],"replies":[{"embeddable":true,"href":"https:\/\/eldiariodesanpedro.com.ar\/sitio\/wp-json\/wp\/v2\/comments?post=7000"}],"version-history":[{"count":1,"href":"https:\/\/eldiariodesanpedro.com.ar\/sitio\/wp-json\/wp\/v2\/posts\/7000\/revisions"}],"predecessor-version":[{"id":7002,"href":"https:\/\/eldiariodesanpedro.com.ar\/sitio\/wp-json\/wp\/v2\/posts\/7000\/revisions\/7002"}],"wp:featuredmedia":[{"embeddable":true,"href":"https:\/\/eldiariodesanpedro.com.ar\/sitio\/wp-json\/wp\/v2\/media\/7001"}],"wp:attachment":[{"href":"https:\/\/eldiariodesanpedro.com.ar\/sitio\/wp-json\/wp\/v2\/media?parent=7000"}],"wp:term":[{"taxonomy":"category","embeddable":true,"href":"https:\/\/eldiariodesanpedro.com.ar\/sitio\/wp-json\/wp\/v2\/categories?post=7000"},{"taxonomy":"post_tag","embeddable":true,"href":"https:\/\/eldiariodesanpedro.com.ar\/sitio\/wp-json\/wp\/v2\/tags?post=7000"}],"curies":[{"name":"wp","href":"https:\/\/api.w.org\/{rel}","templated":true}]}}