{"id":69996,"date":"2020-03-09T10:21:13","date_gmt":"2020-03-09T13:21:13","guid":{"rendered":"https:\/\/eldiariodesanpedro.com.ar\/sitio\/?p=69996"},"modified":"2020-03-09T10:21:20","modified_gmt":"2020-03-09T13:21:20","slug":"baradero-incendio-en-una-vivienda-2","status":"publish","type":"post","link":"https:\/\/eldiariodesanpedro.com.ar\/sitio\/baradero-incendio-en-una-vivienda-2\/","title":{"rendered":"BARADERO | Incendio en una vivienda"},"content":{"rendered":"<!-- VideographyWP Plugin Message: Automatic video embedding prevented by plugin options. -->\n\n<p>El siniestro se origin\u00f3 en una propiedad ubicada en Jos\u00e9 Mar\u00eda Paz al 2100. Las causas se tratan de establecer. El fuego alcanz\u00f3 el techo y un hombre fue trasladado por el SAME por inhalar mon\u00f3xido de carbono. Adem\u00e1s, los Bomberos realizaron las tareas de extinci\u00f3n y lograron salvar una mascota que se hab\u00eda quemado.<\/p>\n\n\n\n<p>Si bien las causas se desconocen, una de las hip\u00f3tesis es que un menor habr\u00eda quemado un colch\u00f3n en una habitaci\u00f3n.<\/p>\n\n\n\n<p>\u201cEl fuego le destruy\u00f3 bastante a esta familia\u201d, relat\u00f3 por Tu Radio Gabriel Fontanari a cargo de Bomberos.<\/p>\n\n\n\n<p>Fuente: Baradero Te Informa<\/p>\n","protected":false},"excerpt":{"rendered":"<p>El siniestro se origin\u00f3 en una propiedad ubicada en Jos\u00e9 Mar\u00eda Paz al 2100. Las causas se tratan de establecer. El fuego alcanz\u00f3 el techo y un hombre fue trasladado por el SAME por inhalar mon\u00f3xido de carbono. Adem\u00e1s, los Bomberos realizaron las tareas de extinci\u00f3n y lograron salvar una mascota que se hab\u00eda quemado. [&hellip;]<\/p>\n","protected":false},"author":4,"featured_media":69997,"comment_status":"open","ping_status":"closed","sticky":false,"template":"","format":"standard","meta":{"om_disable_all_campaigns":false,"_jetpack_memberships_contains_paid_content":false,"footnotes":""},"categories":[621],"tags":[],"class_list":["post-69996","post","type-post","status-publish","format-standard","has-post-thumbnail","hentry","category-regionales"],"aioseo_notices":[],"gutentor_comment":0,"jetpack_featured_media_url":"https:\/\/eldiariodesanpedro.com.ar\/sitio\/wp-content\/uploads\/2020\/03\/DSC_0011-2048x1362-1.jpg","jetpack_shortlink":"https:\/\/wp.me\/p6RhLt-icY","jetpack_sharing_enabled":true,"_links":{"self":[{"href":"https:\/\/eldiariodesanpedro.com.ar\/sitio\/wp-json\/wp\/v2\/posts\/69996","targetHints":{"allow":["GET"]}}],"collection":[{"href":"https:\/\/eldiariodesanpedro.com.ar\/sitio\/wp-json\/wp\/v2\/posts"}],"about":[{"href":"https:\/\/eldiariodesanpedro.com.ar\/sitio\/wp-json\/wp\/v2\/types\/post"}],"author":[{"embeddable":true,"href":"https:\/\/eldiariodesanpedro.com.ar\/sitio\/wp-json\/wp\/v2\/users\/4"}],"replies":[{"embeddable":true,"href":"https:\/\/eldiariodesanpedro.com.ar\/sitio\/wp-json\/wp\/v2\/comments?post=69996"}],"version-history":[{"count":1,"href":"https:\/\/eldiariodesanpedro.com.ar\/sitio\/wp-json\/wp\/v2\/posts\/69996\/revisions"}],"predecessor-version":[{"id":69998,"href":"https:\/\/eldiariodesanpedro.com.ar\/sitio\/wp-json\/wp\/v2\/posts\/69996\/revisions\/69998"}],"wp:featuredmedia":[{"embeddable":true,"href":"https:\/\/eldiariodesanpedro.com.ar\/sitio\/wp-json\/wp\/v2\/media\/69997"}],"wp:attachment":[{"href":"https:\/\/eldiariodesanpedro.com.ar\/sitio\/wp-json\/wp\/v2\/media?parent=69996"}],"wp:term":[{"taxonomy":"category","embeddable":true,"href":"https:\/\/eldiariodesanpedro.com.ar\/sitio\/wp-json\/wp\/v2\/categories?post=69996"},{"taxonomy":"post_tag","embeddable":true,"href":"https:\/\/eldiariodesanpedro.com.ar\/sitio\/wp-json\/wp\/v2\/tags?post=69996"}],"curies":[{"name":"wp","href":"https:\/\/api.w.org\/{rel}","templated":true}]}}