{"id":69993,"date":"2020-03-09T10:15:31","date_gmt":"2020-03-09T13:15:31","guid":{"rendered":"https:\/\/eldiariodesanpedro.com.ar\/sitio\/?p=69993"},"modified":"2020-03-09T10:15:37","modified_gmt":"2020-03-09T13:15:37","slug":"arrecifes-policia-y-municipalidad-desalojaron-una-fiesta-de-secundaria","status":"publish","type":"post","link":"https:\/\/eldiariodesanpedro.com.ar\/sitio\/arrecifes-policia-y-municipalidad-desalojaron-una-fiesta-de-secundaria\/","title":{"rendered":"ARRECIFES | Policia y Municipalidad desalojaron una fiesta de secundaria"},"content":{"rendered":"<!-- VideographyWP Plugin Message: Automatic video embedding prevented by plugin options. -->\n\n<p>Estudiantes que inician el \u00faltimo a\u00f1o de la Secundaria de todos los colegios de Arrecifes se reunieron en la sede del Club Almirante Brown (espacio que alquilaron) para realizar la tradicional fiesta de presentaci\u00f3n de camperas.<\/p>\n\n\n\n<p>Fue en la noche del viernes, pero ni alcanzaron a concretarla porque en las primeras horas de la madrugada del s\u00e1bado, Polic\u00eda y Municipalidad se hicieron presentes en el gimnasio de calle Espa\u00f1a, clausuraron los festejos y desalojaron a unos 200 j\u00f3venes.<\/p>\n\n\n\n<p>No quedaron claros los argumentos. Algunos sostienen que \u201cporque el Brown no est\u00e1 habilitado para fiestas de este tipo\u201d, cuando se sabe que all\u00ed se realizan fiestas de todo tipo. Otros dicen que \u201cporque hab\u00eda menores\u201d. Y si es una reuni\u00f3n de estudiantes secundarios, claro que no van a ser mayores de edad\u2026<\/p>\n\n\n\n<p>Los chicos, junto a una batucada que hab\u00edan contratado, siguieron los festejos en la calle, custodiados por tres m\u00f3viles policiales que dedicaron gran parte de la madrugada del s\u00e1bado a eso. Y lo m\u00e1s llamativo es que terminaron ingresando a un bar y ante los ojos de las autoridades.Compart\u00ed esta noticia<a rel=\"noreferrer noopener\" href=\"https:\/\/www.facebook.com\/sharer.php?u=https%3A%2F%2Farrecifesnoticias.com%2Fpoliciales%2Fpolicia-y-municipalidad-desalojaron-una-fiesta-de-secundaria%2F\" target=\"_blank\"><\/a>198.<\/p>\n\n\n\n<p>Fuente: Arrecifes Noticias<\/p>\n","protected":false},"excerpt":{"rendered":"<p>Estudiantes que inician el \u00faltimo a\u00f1o de la Secundaria de todos los colegios de Arrecifes se reunieron en la sede del Club Almirante Brown (espacio que alquilaron) para realizar la tradicional fiesta de presentaci\u00f3n de camperas. Fue en la noche del viernes, pero ni alcanzaron a concretarla porque en las primeras horas de la madrugada [&hellip;]<\/p>\n","protected":false},"author":4,"featured_media":69994,"comment_status":"open","ping_status":"closed","sticky":false,"template":"","format":"standard","meta":{"om_disable_all_campaigns":false,"_jetpack_memberships_contains_paid_content":false,"footnotes":""},"categories":[621],"tags":[],"class_list":["post-69993","post","type-post","status-publish","format-standard","has-post-thumbnail","hentry","category-regionales"],"aioseo_notices":[],"gutentor_comment":0,"jetpack_featured_media_url":"https:\/\/eldiariodesanpedro.com.ar\/sitio\/wp-content\/uploads\/2020\/03\/Fiesta-estudiantes-Policia-698x510-1.jpg","jetpack_shortlink":"https:\/\/wp.me\/p6RhLt-icV","jetpack_sharing_enabled":true,"_links":{"self":[{"href":"https:\/\/eldiariodesanpedro.com.ar\/sitio\/wp-json\/wp\/v2\/posts\/69993","targetHints":{"allow":["GET"]}}],"collection":[{"href":"https:\/\/eldiariodesanpedro.com.ar\/sitio\/wp-json\/wp\/v2\/posts"}],"about":[{"href":"https:\/\/eldiariodesanpedro.com.ar\/sitio\/wp-json\/wp\/v2\/types\/post"}],"author":[{"embeddable":true,"href":"https:\/\/eldiariodesanpedro.com.ar\/sitio\/wp-json\/wp\/v2\/users\/4"}],"replies":[{"embeddable":true,"href":"https:\/\/eldiariodesanpedro.com.ar\/sitio\/wp-json\/wp\/v2\/comments?post=69993"}],"version-history":[{"count":1,"href":"https:\/\/eldiariodesanpedro.com.ar\/sitio\/wp-json\/wp\/v2\/posts\/69993\/revisions"}],"predecessor-version":[{"id":69995,"href":"https:\/\/eldiariodesanpedro.com.ar\/sitio\/wp-json\/wp\/v2\/posts\/69993\/revisions\/69995"}],"wp:featuredmedia":[{"embeddable":true,"href":"https:\/\/eldiariodesanpedro.com.ar\/sitio\/wp-json\/wp\/v2\/media\/69994"}],"wp:attachment":[{"href":"https:\/\/eldiariodesanpedro.com.ar\/sitio\/wp-json\/wp\/v2\/media?parent=69993"}],"wp:term":[{"taxonomy":"category","embeddable":true,"href":"https:\/\/eldiariodesanpedro.com.ar\/sitio\/wp-json\/wp\/v2\/categories?post=69993"},{"taxonomy":"post_tag","embeddable":true,"href":"https:\/\/eldiariodesanpedro.com.ar\/sitio\/wp-json\/wp\/v2\/tags?post=69993"}],"curies":[{"name":"wp","href":"https:\/\/api.w.org\/{rel}","templated":true}]}}