{"id":69990,"date":"2020-03-09T10:13:08","date_gmt":"2020-03-09T13:13:08","guid":{"rendered":"https:\/\/eldiariodesanpedro.com.ar\/sitio\/?p=69990"},"modified":"2020-03-09T10:13:15","modified_gmt":"2020-03-09T13:13:15","slug":"campana-el-comando-patrulla-detuvo-a-delincuente-que-asalto-una-estacion-de-servicio","status":"publish","type":"post","link":"https:\/\/eldiariodesanpedro.com.ar\/sitio\/campana-el-comando-patrulla-detuvo-a-delincuente-que-asalto-una-estacion-de-servicio\/","title":{"rendered":"CAMPANA | El Comando Patrulla detuvo a delincuente que asalt\u00f3 una estaci\u00f3n de servicio"},"content":{"rendered":"<!-- VideographyWP Plugin Message: Automatic video embedding prevented by plugin options. -->\n\n<p> Un efectivo de civil observ\u00f3 el robo mientras cargaba combustible. Al emprender la fuga, los uniformados lograron detener a uno de los delincuentes. En su poder se le encontr\u00f3 un arma de fuego, dinero y mercader\u00eda robada en el shop del lugar. Su c\u00f3mplice logr\u00f3 huir.<\/p>\n\n\n\n<p>\n\nPersonal policial logr\u00f3 capturar a un delincuente tras el robo de la estaci\u00f3n de servicio de Ruta 6 y Luraschi, a metros del cementerio local.<\/p>\n\n\n\n<p>El hecho ocurri\u00f3 cerca de las 8:30 horas, cuando dos sujetos armados ingresaron al Shop de la estaci\u00f3n de servicio sustrayendo dinero en efectivo y mercader\u00eda.<\/p>\n\n\n\n<p>La situaci\u00f3n fue advertida por un efectivo policial que se encontraba cargando nafta en su autom\u00f3vil particular y de civil. De inmediato dio aviso al personal del Comando Patrulla, y al salir los delincuentes del lugar comenz\u00f3 una persecuci\u00f3n en direcci\u00f3n a la calle Santa Mar\u00eda de Oro.<\/p>\n\n\n\n<p>All\u00ed, uno de los delincuentes es aprehendido por los efectivos mientras que su c\u00f3mplice se di\u00f3 a la fuga.<\/p>\n\n\n\n<p>En el lugar qued\u00f3 un autom\u00f3vil marca Fiat Uno que intentaban usar para la huida. El delincuente capturado, de apellido Gonz\u00e1lez, tiene 21 a\u00f1os y se domicilia en el barrio Villanueva. En su poder la polic\u00eda secuestr\u00f3 un rev\u00f3lver, dinero en efectivo y mercader\u00eda sustra\u00edda del comercio.<\/p>\n\n\n\n<p>Fue trasladado a la comisar\u00eda quedando a disposici\u00f3n del juzgado de turno.\n\n<\/p>\n\n\n\n<p>Fuente: Campana Noticias<\/p>\n","protected":false},"excerpt":{"rendered":"<p>Un efectivo de civil observ\u00f3 el robo mientras cargaba combustible. Al emprender la fuga, los uniformados lograron detener a uno de los delincuentes. En su poder se le encontr\u00f3 un arma de fuego, dinero y mercader\u00eda robada en el shop del lugar. Su c\u00f3mplice logr\u00f3 huir. Personal policial logr\u00f3 capturar a un delincuente tras el [&hellip;]<\/p>\n","protected":false},"author":4,"featured_media":69991,"comment_status":"open","ping_status":"closed","sticky":false,"template":"","format":"standard","meta":{"om_disable_all_campaigns":false,"_jetpack_memberships_contains_paid_content":false,"footnotes":""},"categories":[621],"tags":[],"class_list":["post-69990","post","type-post","status-publish","format-standard","has-post-thumbnail","hentry","category-regionales"],"aioseo_notices":[],"gutentor_comment":0,"jetpack_featured_media_url":"https:\/\/eldiariodesanpedro.com.ar\/sitio\/wp-content\/uploads\/2020\/03\/20200308084019.jpg","jetpack_shortlink":"https:\/\/wp.me\/p6RhLt-icS","jetpack_sharing_enabled":true,"_links":{"self":[{"href":"https:\/\/eldiariodesanpedro.com.ar\/sitio\/wp-json\/wp\/v2\/posts\/69990","targetHints":{"allow":["GET"]}}],"collection":[{"href":"https:\/\/eldiariodesanpedro.com.ar\/sitio\/wp-json\/wp\/v2\/posts"}],"about":[{"href":"https:\/\/eldiariodesanpedro.com.ar\/sitio\/wp-json\/wp\/v2\/types\/post"}],"author":[{"embeddable":true,"href":"https:\/\/eldiariodesanpedro.com.ar\/sitio\/wp-json\/wp\/v2\/users\/4"}],"replies":[{"embeddable":true,"href":"https:\/\/eldiariodesanpedro.com.ar\/sitio\/wp-json\/wp\/v2\/comments?post=69990"}],"version-history":[{"count":1,"href":"https:\/\/eldiariodesanpedro.com.ar\/sitio\/wp-json\/wp\/v2\/posts\/69990\/revisions"}],"predecessor-version":[{"id":69992,"href":"https:\/\/eldiariodesanpedro.com.ar\/sitio\/wp-json\/wp\/v2\/posts\/69990\/revisions\/69992"}],"wp:featuredmedia":[{"embeddable":true,"href":"https:\/\/eldiariodesanpedro.com.ar\/sitio\/wp-json\/wp\/v2\/media\/69991"}],"wp:attachment":[{"href":"https:\/\/eldiariodesanpedro.com.ar\/sitio\/wp-json\/wp\/v2\/media?parent=69990"}],"wp:term":[{"taxonomy":"category","embeddable":true,"href":"https:\/\/eldiariodesanpedro.com.ar\/sitio\/wp-json\/wp\/v2\/categories?post=69990"},{"taxonomy":"post_tag","embeddable":true,"href":"https:\/\/eldiariodesanpedro.com.ar\/sitio\/wp-json\/wp\/v2\/tags?post=69990"}],"curies":[{"name":"wp","href":"https:\/\/api.w.org\/{rel}","templated":true}]}}