{"id":69987,"date":"2020-03-09T10:09:11","date_gmt":"2020-03-09T13:09:11","guid":{"rendered":"https:\/\/eldiariodesanpedro.com.ar\/sitio\/?p=69987"},"modified":"2020-03-09T10:09:12","modified_gmt":"2020-03-09T13:09:12","slug":"campana-encuentran-a-una-mujer-muerta-en-un-domicilio","status":"publish","type":"post","link":"https:\/\/eldiariodesanpedro.com.ar\/sitio\/campana-encuentran-a-una-mujer-muerta-en-un-domicilio\/","title":{"rendered":"CAMPANA | Encuentran a una mujer muerta en un domicilio"},"content":{"rendered":"<!-- VideographyWP Plugin Message: Automatic video embedding prevented by plugin options. -->\n\n<p>Ano responder las llamadas telef\u00f3nicas de su hijastro, ni poder abrir la puerta personalmente, tuvieron que llamar a un cerrajero. Encontraron a la mujer de 73 a\u00f1os fallecida dentro de la vivienda sin signos de violencia.<\/p>\n\n\n\n<p>De inmediatos se hizo una llamada al 911 luego de notar un olor muy fuerte en la casa. Al parecer la mujer hab\u00eda fallecido hace unos d\u00edas y viv\u00eda sola en Iriart 445.<\/p>\n\n\n\n<p>Con la presencia del Comando de Patrullo se hizo presente la ambulancia de SAME a cargo de la&nbsp; Dra. Teresa Scandroglio, que constat\u00f3 la muerte. Se dej\u00f3 constancia que el domicilio no presentaba desorden ni signos de violencia en puertas o ventanas.<\/p>\n\n\n\n<p>Personal de Polic\u00eda Cient\u00edfica, trabaj\u00f3 en el lugar.<\/p>\n\n\n\n<p>Fuente: Enlace Critico<\/p>\n","protected":false},"excerpt":{"rendered":"<p>Ano responder las llamadas telef\u00f3nicas de su hijastro, ni poder abrir la puerta personalmente, tuvieron que llamar a un cerrajero. Encontraron a la mujer de 73 a\u00f1os fallecida dentro de la vivienda sin signos de violencia. De inmediatos se hizo una llamada al 911 luego de notar un olor muy fuerte en la casa. Al [&hellip;]<\/p>\n","protected":false},"author":4,"featured_media":69988,"comment_status":"open","ping_status":"closed","sticky":false,"template":"","format":"standard","meta":{"om_disable_all_campaigns":false,"_jetpack_memberships_contains_paid_content":false,"footnotes":""},"categories":[621],"tags":[],"class_list":["post-69987","post","type-post","status-publish","format-standard","has-post-thumbnail","hentry","category-regionales"],"aioseo_notices":[],"gutentor_comment":0,"jetpack_featured_media_url":"https:\/\/eldiariodesanpedro.com.ar\/sitio\/wp-content\/uploads\/2020\/03\/obito2-1_658x400.jpg","jetpack_shortlink":"https:\/\/wp.me\/p6RhLt-icP","jetpack_sharing_enabled":true,"_links":{"self":[{"href":"https:\/\/eldiariodesanpedro.com.ar\/sitio\/wp-json\/wp\/v2\/posts\/69987","targetHints":{"allow":["GET"]}}],"collection":[{"href":"https:\/\/eldiariodesanpedro.com.ar\/sitio\/wp-json\/wp\/v2\/posts"}],"about":[{"href":"https:\/\/eldiariodesanpedro.com.ar\/sitio\/wp-json\/wp\/v2\/types\/post"}],"author":[{"embeddable":true,"href":"https:\/\/eldiariodesanpedro.com.ar\/sitio\/wp-json\/wp\/v2\/users\/4"}],"replies":[{"embeddable":true,"href":"https:\/\/eldiariodesanpedro.com.ar\/sitio\/wp-json\/wp\/v2\/comments?post=69987"}],"version-history":[{"count":1,"href":"https:\/\/eldiariodesanpedro.com.ar\/sitio\/wp-json\/wp\/v2\/posts\/69987\/revisions"}],"predecessor-version":[{"id":69989,"href":"https:\/\/eldiariodesanpedro.com.ar\/sitio\/wp-json\/wp\/v2\/posts\/69987\/revisions\/69989"}],"wp:featuredmedia":[{"embeddable":true,"href":"https:\/\/eldiariodesanpedro.com.ar\/sitio\/wp-json\/wp\/v2\/media\/69988"}],"wp:attachment":[{"href":"https:\/\/eldiariodesanpedro.com.ar\/sitio\/wp-json\/wp\/v2\/media?parent=69987"}],"wp:term":[{"taxonomy":"category","embeddable":true,"href":"https:\/\/eldiariodesanpedro.com.ar\/sitio\/wp-json\/wp\/v2\/categories?post=69987"},{"taxonomy":"post_tag","embeddable":true,"href":"https:\/\/eldiariodesanpedro.com.ar\/sitio\/wp-json\/wp\/v2\/tags?post=69987"}],"curies":[{"name":"wp","href":"https:\/\/api.w.org\/{rel}","templated":true}]}}