{"id":69984,"date":"2020-03-09T10:06:33","date_gmt":"2020-03-09T13:06:33","guid":{"rendered":"https:\/\/eldiariodesanpedro.com.ar\/sitio\/?p=69984"},"modified":"2020-03-09T10:06:40","modified_gmt":"2020-03-09T13:06:40","slug":"zarate-intento-de-suicidio-de-un-joven-en-el-viaducto","status":"publish","type":"post","link":"https:\/\/eldiariodesanpedro.com.ar\/sitio\/zarate-intento-de-suicidio-de-un-joven-en-el-viaducto\/","title":{"rendered":"Z\u00c1RATE | Intento de suicidio de un joven en el viaducto"},"content":{"rendered":"<!-- VideographyWP Plugin Message: Automatic video embedding prevented by plugin options. -->\n\n<p>Ocurri\u00f3 esta madrugada, alrededor de las 2:30hs, en el viaducto de Av. Ant\u00e1rtida Argentina.<\/p>\n\n\n\n<p>Un joven de 21 a\u00f1os de edad, con domicilio en barrio Juana Mar\u00eda de Z\u00e1rate, se ubic\u00f3 en el borde del puente con claras intenciones de quitarse la vida.<\/p>\n\n\n\n<p>Comando Patrulla, Bomberos Voluntarios, DPU, Polic\u00eda Local y SEMU iniciaron un operativo para lograr convencer al muchacho de que desistiera de la acci\u00f3n. Tras dialogar y lograr acercarse lo m\u00e1ximo posible, finalmente lo tomaron por detr\u00e1s y lo pusieron a resguardo.<\/p>\n\n\n\n<p><strong>El momento del rescate qued\u00f3 grabado por las c\u00e1maras de la DPU.<\/strong><\/p>\n\n\n\n<p>Fuente: Enlace Critico<\/p>\n\n\n\n<p><\/p>\n","protected":false},"excerpt":{"rendered":"<p>Ocurri\u00f3 esta madrugada, alrededor de las 2:30hs, en el viaducto de Av. Ant\u00e1rtida Argentina. Un joven de 21 a\u00f1os de edad, con domicilio en barrio Juana Mar\u00eda de Z\u00e1rate, se ubic\u00f3 en el borde del puente con claras intenciones de quitarse la vida. Comando Patrulla, Bomberos Voluntarios, DPU, Polic\u00eda Local y SEMU iniciaron un operativo [&hellip;]<\/p>\n","protected":false},"author":4,"featured_media":69985,"comment_status":"open","ping_status":"closed","sticky":false,"template":"","format":"standard","meta":{"om_disable_all_campaigns":false,"_jetpack_memberships_contains_paid_content":false,"footnotes":""},"categories":[621],"tags":[],"class_list":["post-69984","post","type-post","status-publish","format-standard","has-post-thumbnail","hentry","category-regionales"],"aioseo_notices":[],"gutentor_comment":0,"jetpack_featured_media_url":"https:\/\/eldiariodesanpedro.com.ar\/sitio\/wp-content\/uploads\/2020\/03\/Viaducto.jpg","jetpack_shortlink":"https:\/\/wp.me\/p6RhLt-icM","jetpack_sharing_enabled":true,"_links":{"self":[{"href":"https:\/\/eldiariodesanpedro.com.ar\/sitio\/wp-json\/wp\/v2\/posts\/69984","targetHints":{"allow":["GET"]}}],"collection":[{"href":"https:\/\/eldiariodesanpedro.com.ar\/sitio\/wp-json\/wp\/v2\/posts"}],"about":[{"href":"https:\/\/eldiariodesanpedro.com.ar\/sitio\/wp-json\/wp\/v2\/types\/post"}],"author":[{"embeddable":true,"href":"https:\/\/eldiariodesanpedro.com.ar\/sitio\/wp-json\/wp\/v2\/users\/4"}],"replies":[{"embeddable":true,"href":"https:\/\/eldiariodesanpedro.com.ar\/sitio\/wp-json\/wp\/v2\/comments?post=69984"}],"version-history":[{"count":1,"href":"https:\/\/eldiariodesanpedro.com.ar\/sitio\/wp-json\/wp\/v2\/posts\/69984\/revisions"}],"predecessor-version":[{"id":69986,"href":"https:\/\/eldiariodesanpedro.com.ar\/sitio\/wp-json\/wp\/v2\/posts\/69984\/revisions\/69986"}],"wp:featuredmedia":[{"embeddable":true,"href":"https:\/\/eldiariodesanpedro.com.ar\/sitio\/wp-json\/wp\/v2\/media\/69985"}],"wp:attachment":[{"href":"https:\/\/eldiariodesanpedro.com.ar\/sitio\/wp-json\/wp\/v2\/media?parent=69984"}],"wp:term":[{"taxonomy":"category","embeddable":true,"href":"https:\/\/eldiariodesanpedro.com.ar\/sitio\/wp-json\/wp\/v2\/categories?post=69984"},{"taxonomy":"post_tag","embeddable":true,"href":"https:\/\/eldiariodesanpedro.com.ar\/sitio\/wp-json\/wp\/v2\/tags?post=69984"}],"curies":[{"name":"wp","href":"https:\/\/api.w.org\/{rel}","templated":true}]}}