{"id":69981,"date":"2020-03-09T10:03:37","date_gmt":"2020-03-09T13:03:37","guid":{"rendered":"https:\/\/eldiariodesanpedro.com.ar\/sitio\/?p=69981"},"modified":"2020-03-09T10:03:44","modified_gmt":"2020-03-09T13:03:44","slug":"ramallo-prision-preventiva-para-la-patota-que-ataco-a-javier-ferreyra","status":"publish","type":"post","link":"https:\/\/eldiariodesanpedro.com.ar\/sitio\/ramallo-prision-preventiva-para-la-patota-que-ataco-a-javier-ferreyra\/","title":{"rendered":"RAMALLO | Prisi\u00f3n Preventiva para la patota que atac\u00f3 a Javier Ferreyra"},"content":{"rendered":"<!-- VideographyWP Plugin Message: Automatic video embedding prevented by plugin options. -->\n\n<p>\n\nLo dispuso el juez ante el pedido del fiscal de la Unidad Funcional de Instrucci\u00f3n N\u00b04, Dr. Omar Tempo. Guillermo Retamal, Juan de la Cruz R\u00edos y Jorge Rene Villa, deber\u00e1n esperar el juicio en la Unidad Penal de San Nicol\u00e1s<\/p>\n\n\n\n<p>El Juzgado de Garant\u00edas convirti\u00f3 en prisi\u00f3n preventiva la detenci\u00f3n de los imputados por la brutal agresi\u00f3n a Javier Ferreyra.<\/p>\n\n\n\n<p>Esto significa que, Guillermo Retamal, Juan de la Cruz R\u00edos y Jorge Rene Villa, deber\u00e1n esperar el juicio en la Unidad Penal de San Nicol\u00e1s o en aquella donde hubiera cupo disponible. Adem\u00e1s, la medida supone fuertes indicios sobre la responsabilidad de los imputados en la concreci\u00f3n del ataque.<\/p>\n\n\n\n<p>Por otro lado, el juez determin\u00f3 que Francisco Mendoza reciba arresto domiciliario en su casa de barrio Don Antonio en Villa Ramallo, donde estar\u00e1 bajo control y vigilancia de su progenitor, el Sr. Silvio Mendoza.<\/p>\n\n\n\n<p>El magistrado no hizo lugar al pedido de los abogados de los imputados de cambiar la calificaci\u00f3n de la causa encuadrada bajo el delito de \u201cHomicidio en grado de tentativa\u201d. Tambi\u00e9n deneg\u00f3 la libertad por falta de m\u00e9rito.<\/p>\n\n\n\n<p>Fuente: <\/p>\n","protected":false},"excerpt":{"rendered":"<p>Lo dispuso el juez ante el pedido del fiscal de la Unidad Funcional de Instrucci\u00f3n N\u00b04, Dr. Omar Tempo. Guillermo Retamal, Juan de la Cruz R\u00edos y Jorge Rene Villa, deber\u00e1n esperar el juicio en la Unidad Penal de San Nicol\u00e1s El Juzgado de Garant\u00edas convirti\u00f3 en prisi\u00f3n preventiva la detenci\u00f3n de los imputados por [&hellip;]<\/p>\n","protected":false},"author":4,"featured_media":69982,"comment_status":"open","ping_status":"closed","sticky":false,"template":"","format":"standard","meta":{"om_disable_all_campaigns":false,"_jetpack_memberships_contains_paid_content":false,"footnotes":""},"categories":[621],"tags":[],"class_list":["post-69981","post","type-post","status-publish","format-standard","has-post-thumbnail","hentry","category-regionales"],"aioseo_notices":[],"gutentor_comment":0,"jetpack_featured_media_url":"https:\/\/eldiariodesanpedro.com.ar\/sitio\/wp-content\/uploads\/2020\/03\/ramallo_54.jpg","jetpack_shortlink":"https:\/\/wp.me\/p6RhLt-icJ","jetpack_sharing_enabled":true,"_links":{"self":[{"href":"https:\/\/eldiariodesanpedro.com.ar\/sitio\/wp-json\/wp\/v2\/posts\/69981","targetHints":{"allow":["GET"]}}],"collection":[{"href":"https:\/\/eldiariodesanpedro.com.ar\/sitio\/wp-json\/wp\/v2\/posts"}],"about":[{"href":"https:\/\/eldiariodesanpedro.com.ar\/sitio\/wp-json\/wp\/v2\/types\/post"}],"author":[{"embeddable":true,"href":"https:\/\/eldiariodesanpedro.com.ar\/sitio\/wp-json\/wp\/v2\/users\/4"}],"replies":[{"embeddable":true,"href":"https:\/\/eldiariodesanpedro.com.ar\/sitio\/wp-json\/wp\/v2\/comments?post=69981"}],"version-history":[{"count":1,"href":"https:\/\/eldiariodesanpedro.com.ar\/sitio\/wp-json\/wp\/v2\/posts\/69981\/revisions"}],"predecessor-version":[{"id":69983,"href":"https:\/\/eldiariodesanpedro.com.ar\/sitio\/wp-json\/wp\/v2\/posts\/69981\/revisions\/69983"}],"wp:featuredmedia":[{"embeddable":true,"href":"https:\/\/eldiariodesanpedro.com.ar\/sitio\/wp-json\/wp\/v2\/media\/69982"}],"wp:attachment":[{"href":"https:\/\/eldiariodesanpedro.com.ar\/sitio\/wp-json\/wp\/v2\/media?parent=69981"}],"wp:term":[{"taxonomy":"category","embeddable":true,"href":"https:\/\/eldiariodesanpedro.com.ar\/sitio\/wp-json\/wp\/v2\/categories?post=69981"},{"taxonomy":"post_tag","embeddable":true,"href":"https:\/\/eldiariodesanpedro.com.ar\/sitio\/wp-json\/wp\/v2\/tags?post=69981"}],"curies":[{"name":"wp","href":"https:\/\/api.w.org\/{rel}","templated":true}]}}