{"id":69978,"date":"2020-03-09T10:01:49","date_gmt":"2020-03-09T13:01:49","guid":{"rendered":"https:\/\/eldiariodesanpedro.com.ar\/sitio\/?p=69978"},"modified":"2020-03-09T10:01:54","modified_gmt":"2020-03-09T13:01:54","slug":"baradero-pescador-murio-baleado-accidentalmente-con-un-rifle-de-aire-comprimido","status":"publish","type":"post","link":"https:\/\/eldiariodesanpedro.com.ar\/sitio\/baradero-pescador-murio-baleado-accidentalmente-con-un-rifle-de-aire-comprimido\/","title":{"rendered":"BARADERO | Pescador muri\u00f3 baleado accidentalmente con un rifle de aire comprimido"},"content":{"rendered":"<!-- VideographyWP Plugin Message: Automatic video embedding prevented by plugin options. -->\n\n<p>\n\nOcurri\u00f3 en zona de islas, frente al denominado Camping Alsina. El autor del disparo, un hombre oriundo de Tortuguitas, dijo que fue un accidente y qued\u00f3 detenido.<\/p>\n\n\n\n<p>Un grupo de amigos lleg\u00f3 a Baradero a pescar y se dirigi\u00f3 a zona de islas, frente al Camping Alsina. Seg\u00fan consta en el informe de las autoridades, uno de ellos amnipulaba un rifle de aire comprimido que \u00abse dispara accidentalmente\u00bb, alcanzando a otro, al que hiri\u00f3 \u00aben el pecho\u00bb.<\/p>\n\n\n\n<p>El herido fue trasladado Hospital Local donde muri\u00f3 a los pocos minutos de ingresar. El Fiscal Her\u00e1n Granda solicit\u00f3 la detenci\u00f3n del autor del disparo y el secuestro del rifle de aire comprimido marca IGT SYSTEM, de calibre 5.5(.22 mm).<\/p>\n\n\n\n<p>Fuete: Baradero Te Informa<\/p>\n","protected":false},"excerpt":{"rendered":"<p>Ocurri\u00f3 en zona de islas, frente al denominado Camping Alsina. El autor del disparo, un hombre oriundo de Tortuguitas, dijo que fue un accidente y qued\u00f3 detenido. Un grupo de amigos lleg\u00f3 a Baradero a pescar y se dirigi\u00f3 a zona de islas, frente al Camping Alsina. Seg\u00fan consta en el informe de las autoridades, [&hellip;]<\/p>\n","protected":false},"author":4,"featured_media":69979,"comment_status":"open","ping_status":"closed","sticky":false,"template":"","format":"standard","meta":{"om_disable_all_campaigns":false,"_jetpack_memberships_contains_paid_content":false,"footnotes":""},"categories":[621],"tags":[],"class_list":["post-69978","post","type-post","status-publish","format-standard","has-post-thumbnail","hentry","category-regionales"],"aioseo_notices":[],"gutentor_comment":0,"jetpack_featured_media_url":"https:\/\/eldiariodesanpedro.com.ar\/sitio\/wp-content\/uploads\/2020\/03\/baradero_24.jpg","jetpack_shortlink":"https:\/\/wp.me\/p6RhLt-icG","jetpack_sharing_enabled":true,"_links":{"self":[{"href":"https:\/\/eldiariodesanpedro.com.ar\/sitio\/wp-json\/wp\/v2\/posts\/69978","targetHints":{"allow":["GET"]}}],"collection":[{"href":"https:\/\/eldiariodesanpedro.com.ar\/sitio\/wp-json\/wp\/v2\/posts"}],"about":[{"href":"https:\/\/eldiariodesanpedro.com.ar\/sitio\/wp-json\/wp\/v2\/types\/post"}],"author":[{"embeddable":true,"href":"https:\/\/eldiariodesanpedro.com.ar\/sitio\/wp-json\/wp\/v2\/users\/4"}],"replies":[{"embeddable":true,"href":"https:\/\/eldiariodesanpedro.com.ar\/sitio\/wp-json\/wp\/v2\/comments?post=69978"}],"version-history":[{"count":1,"href":"https:\/\/eldiariodesanpedro.com.ar\/sitio\/wp-json\/wp\/v2\/posts\/69978\/revisions"}],"predecessor-version":[{"id":69980,"href":"https:\/\/eldiariodesanpedro.com.ar\/sitio\/wp-json\/wp\/v2\/posts\/69978\/revisions\/69980"}],"wp:featuredmedia":[{"embeddable":true,"href":"https:\/\/eldiariodesanpedro.com.ar\/sitio\/wp-json\/wp\/v2\/media\/69979"}],"wp:attachment":[{"href":"https:\/\/eldiariodesanpedro.com.ar\/sitio\/wp-json\/wp\/v2\/media?parent=69978"}],"wp:term":[{"taxonomy":"category","embeddable":true,"href":"https:\/\/eldiariodesanpedro.com.ar\/sitio\/wp-json\/wp\/v2\/categories?post=69978"},{"taxonomy":"post_tag","embeddable":true,"href":"https:\/\/eldiariodesanpedro.com.ar\/sitio\/wp-json\/wp\/v2\/tags?post=69978"}],"curies":[{"name":"wp","href":"https:\/\/api.w.org\/{rel}","templated":true}]}}