{"id":69975,"date":"2020-03-09T09:59:02","date_gmt":"2020-03-09T12:59:02","guid":{"rendered":"https:\/\/eldiariodesanpedro.com.ar\/sitio\/?p=69975"},"modified":"2020-03-09T09:59:09","modified_gmt":"2020-03-09T12:59:09","slug":"san-andres-de-giles-familia-denuncia-abandono-de-persona-tras-la-muerte-de-un-bebe-de-8-meses","status":"publish","type":"post","link":"https:\/\/eldiariodesanpedro.com.ar\/sitio\/san-andres-de-giles-familia-denuncia-abandono-de-persona-tras-la-muerte-de-un-bebe-de-8-meses\/","title":{"rendered":"SAN ANDRES DE GILES | Familia denuncia \u00ababandono de persona\u00bb tras la muerte de un beb\u00e9 de 8 meses"},"content":{"rendered":"<!-- VideographyWP Plugin Message: Automatic video embedding prevented by plugin options. -->\n\n<p>\n\nLa abuela del peque\u00f1o hizo una denuncia p\u00fablica y acus\u00f3 a m\u00e9dicos de no detectar una avanzada neumon\u00eda que le cost\u00f3 la vida. Desde el Hospital emitieron un comunicado respaldando el accionar m\u00e9dico<\/p>\n\n\n\n<p>Mar\u00eda de los \u00c1ngeles Gelvez, abuela del peque\u00f1o Maylo, el beb\u00e9 que muri\u00f3 por un severo cuadro de neumon\u00eda, acus\u00f3 de \u00ababandono de persona\u00bb a los m\u00e9dicos del Hospital de San Andr\u00e9s de Giles, que fueron respaldados por las autoridades de Salud.<\/p>\n\n\n\n<p>\u00abLa primera semana de noviembre mi nieto de ocho meses fue a la guardia del hospital el cu\u00e1l fue atendido por la doctora D\u00edaz, el viernes lo llevamos con mi hija y le mando el aerosol, se volvi\u00f3 a llevar y lo volvi\u00f3 a mandar a la casa as\u00ed hasta el domingo que lo internaron. Ese domingo le sacaron una placa y lo dejaron con suero y ox\u00edgeno, desde el d\u00eda de internaci\u00f3n nunca m\u00e1s despert\u00f3\u00bb, relat\u00f3 la mujer al portal Noticias de San Andr\u00e9s de Giles, que se hizo eco de la denuncia.<\/p>\n\n\n\n<p>\u00abMi nieto peleo por su vida dos semanas m\u00e1s, ten\u00eda los pulmones tomados totalmente, luch\u00f3 por su vida hasta el 1 de diciembre que sus 3 ataques a su corazoncito se lo llevo\u00bb, denunci\u00f3 la abuela del peque\u00f1o y asegur\u00f3: \u00abFue totalmente abandono de persona a mi nieto, todos hacen o\u00eddos sordos, lo dejaron morir.<\/p>\n\n\n\n<p>Desde el Hospital Municipal de San Andr\u00e9s de Giles emitieron un comunicado con la firma del Secretario de Salud Diego Schiaffino asegurando que \u00abel desempe\u00f1o de los profesionales involucrados, Dr Federico Botta, Dra Silvia Diaz y profesional de enfermer\u00eda, se rigieron bajo los protocolos m\u00e9dicos que exig\u00eda la patolog\u00eda del menor\u00bb, y que \u00abel paciente fue derivado en condiciones estables a un centro de mayor complejidad\u00bb.<\/p>\n\n\n\n<p>Fuente: Noticias de San Andr\u00e9s de Giles<\/p>\n","protected":false},"excerpt":{"rendered":"<p>La abuela del peque\u00f1o hizo una denuncia p\u00fablica y acus\u00f3 a m\u00e9dicos de no detectar una avanzada neumon\u00eda que le cost\u00f3 la vida. Desde el Hospital emitieron un comunicado respaldando el accionar m\u00e9dico Mar\u00eda de los \u00c1ngeles Gelvez, abuela del peque\u00f1o Maylo, el beb\u00e9 que muri\u00f3 por un severo cuadro de neumon\u00eda, acus\u00f3 de \u00ababandono [&hellip;]<\/p>\n","protected":false},"author":4,"featured_media":69976,"comment_status":"open","ping_status":"closed","sticky":false,"template":"","format":"standard","meta":{"om_disable_all_campaigns":false,"_jetpack_memberships_contains_paid_content":false,"footnotes":""},"categories":[621],"tags":[],"class_list":["post-69975","post","type-post","status-publish","format-standard","has-post-thumbnail","hentry","category-regionales"],"aioseo_notices":[],"gutentor_comment":0,"jetpack_featured_media_url":"https:\/\/eldiariodesanpedro.com.ar\/sitio\/wp-content\/uploads\/2020\/03\/giles_7.jpg","jetpack_shortlink":"https:\/\/wp.me\/p6RhLt-icD","jetpack_sharing_enabled":true,"_links":{"self":[{"href":"https:\/\/eldiariodesanpedro.com.ar\/sitio\/wp-json\/wp\/v2\/posts\/69975","targetHints":{"allow":["GET"]}}],"collection":[{"href":"https:\/\/eldiariodesanpedro.com.ar\/sitio\/wp-json\/wp\/v2\/posts"}],"about":[{"href":"https:\/\/eldiariodesanpedro.com.ar\/sitio\/wp-json\/wp\/v2\/types\/post"}],"author":[{"embeddable":true,"href":"https:\/\/eldiariodesanpedro.com.ar\/sitio\/wp-json\/wp\/v2\/users\/4"}],"replies":[{"embeddable":true,"href":"https:\/\/eldiariodesanpedro.com.ar\/sitio\/wp-json\/wp\/v2\/comments?post=69975"}],"version-history":[{"count":1,"href":"https:\/\/eldiariodesanpedro.com.ar\/sitio\/wp-json\/wp\/v2\/posts\/69975\/revisions"}],"predecessor-version":[{"id":69977,"href":"https:\/\/eldiariodesanpedro.com.ar\/sitio\/wp-json\/wp\/v2\/posts\/69975\/revisions\/69977"}],"wp:featuredmedia":[{"embeddable":true,"href":"https:\/\/eldiariodesanpedro.com.ar\/sitio\/wp-json\/wp\/v2\/media\/69976"}],"wp:attachment":[{"href":"https:\/\/eldiariodesanpedro.com.ar\/sitio\/wp-json\/wp\/v2\/media?parent=69975"}],"wp:term":[{"taxonomy":"category","embeddable":true,"href":"https:\/\/eldiariodesanpedro.com.ar\/sitio\/wp-json\/wp\/v2\/categories?post=69975"},{"taxonomy":"post_tag","embeddable":true,"href":"https:\/\/eldiariodesanpedro.com.ar\/sitio\/wp-json\/wp\/v2\/tags?post=69975"}],"curies":[{"name":"wp","href":"https:\/\/api.w.org\/{rel}","templated":true}]}}