{"id":6997,"date":"2016-08-10T19:56:18","date_gmt":"2016-08-10T22:56:18","guid":{"rendered":"https:\/\/eldiariodesanpedro.com.ar\/sitio\/?p=6997"},"modified":"2016-08-10T19:56:18","modified_gmt":"2016-08-10T22:56:18","slug":"declaran-de-interes-provincial-el-consumo-de-miel-y-beneficios-de-la-polinizacion-a-los-cultivos","status":"publish","type":"post","link":"https:\/\/eldiariodesanpedro.com.ar\/sitio\/declaran-de-interes-provincial-el-consumo-de-miel-y-beneficios-de-la-polinizacion-a-los-cultivos\/","title":{"rendered":"Declaran de inter\u00e9s provincial el consumo de miel y beneficios de la polinizaci\u00f3n a los cultivos"},"content":{"rendered":"<p><!-- VideographyWP Plugin Message: Automatic video embedding prevented by plugin options. --><br \/>\nEl Ministro de Agroindustria bonaerense, Leonardo Sarqu\u00eds, firm\u00f3 este mi\u00e9rcoles una resoluci\u00f3n a trav\u00e9s de la que se declara de inter\u00e9s provincial el \u00abConsumo de Miel y los Beneficios de la Polinizaci\u00f3n a los Cultivos y la Biodiversidad\u201d. En el marco de la Semana de la Miel que la provincia de Buenos Aires promociona junto al Gobierno nacional, Sarqu\u00eds destac\u00f3 las virtudes del producto para mejorar la calidad de vida de los bonaerenses.<br \/>\nEn los considerandos de la iniciativa, se subraya que \u00absi bien la miel es un alimento saludable y energ\u00e9tico, no existe una cultura consumidora del producto en la comunidad y, por lo tanto, se requiere contemplar acciones de capacitaci\u00f3n de los potenciales usuarios sobre las virtudes que posee la miel, articul\u00e1ndolas con la promoci\u00f3n experimental de las mismas, logrando con ello que el producto forme parte de la dieta diaria de los bonaerenses\u00bb.<br \/>\nAsimismo, se se\u00f1ala que \u00ablas abejas son polinizadoras por excelencia, dependiendo exclusivamente de las flores, para lo cual resulta necesario difundir los beneficios de la polinizaci\u00f3n, lo cual redundar\u00e1 en la mejora e incremento en la producci\u00f3n de cultivos y la biodiversidad\u00bb.<br \/>\nSeg\u00fan el ministro Sarqu\u00eds, \u00abla campa\u00f1a permitir\u00e1 convertir a los potenciales clientes en consumidores consolidados\u00bb y record\u00f3 la importancia de esta producci\u00f3n en el territorio bonaerense al se\u00f1alar que \u00aben la provincia se produce el 53% de la miel del pa\u00eds y se exporta el 95% de ese total\u00bb.<br \/>\nDe la campa\u00f1a nacional, que se extiende durante la semana en curso, se desarrollan encuentros y capacitaciones orientados a difundir las propiedades de la miel. Participan provincias, municipios, cooperativas, productores y universidades nacionales.<br \/>\nLa cartera de Agroindustria bonaerense se sum\u00f3 a la iniciativa a trav\u00e9s de distintas jornadas en plazas de La Plata, donde los transe\u00fantes se acercan para averiguar sobre los distintos tipos de miel expuestos y sus beneficios.<br \/>\nTambi\u00e9n se sumaron a la propuesta los municipios de Baradero, Campana, Escobar, Pilar, San Nicol\u00e1s, San Pedro, Zarate, Bah\u00eda Blanca, Monte Hermoso, Saavedra, Villarino, General Pueyrred\u00f3n, Olavarr\u00eda, Tandil, Tres Arroyos, Almirante Brown, Florencio Varela, General Rodriguez, Malvinas Argentinas. marcos Paz, Moreno, Mor\u00f3n, Quilmes, San Fernando, San Isidro, San Miguel, Berisso, General Belgrano, La Plata, Las Flores, Maip\u00fa, Rauch, San Vicente, Bol\u00edvar, Lincoln, Pellegrini, Bragado, Exaltaci\u00f3n de la Cruz, San Antonio de Areco, Suipacha y Capit\u00e1n Sarmiento.<\/p>\n","protected":false},"excerpt":{"rendered":"<p>El Ministro de Agroindustria bonaerense, Leonardo Sarqu\u00eds, firm\u00f3 este mi\u00e9rcoles una resoluci\u00f3n a trav\u00e9s de la que se declara de inter\u00e9s provincial el \u00abConsumo de Miel y los Beneficios de la Polinizaci\u00f3n a los Cultivos y la Biodiversidad\u201d. En el marco de la Semana de la Miel que la provincia de Buenos Aires promociona junto [&hellip;]<\/p>\n","protected":false},"author":4,"featured_media":6998,"comment_status":"open","ping_status":"closed","sticky":false,"template":"","format":"standard","meta":{"om_disable_all_campaigns":false,"_jetpack_memberships_contains_paid_content":false,"footnotes":""},"categories":[101,2],"tags":[],"class_list":["post-6997","post","type-post","status-publish","format-standard","has-post-thumbnail","hentry","category-interes-general-locales","category-locales"],"aioseo_notices":[],"gutentor_comment":0,"jetpack_featured_media_url":"https:\/\/eldiariodesanpedro.com.ar\/sitio\/wp-content\/uploads\/2016\/08\/i9920-miel-631.jpg","jetpack_shortlink":"https:\/\/wp.me\/p6RhLt-1OR","jetpack_sharing_enabled":true,"_links":{"self":[{"href":"https:\/\/eldiariodesanpedro.com.ar\/sitio\/wp-json\/wp\/v2\/posts\/6997","targetHints":{"allow":["GET"]}}],"collection":[{"href":"https:\/\/eldiariodesanpedro.com.ar\/sitio\/wp-json\/wp\/v2\/posts"}],"about":[{"href":"https:\/\/eldiariodesanpedro.com.ar\/sitio\/wp-json\/wp\/v2\/types\/post"}],"author":[{"embeddable":true,"href":"https:\/\/eldiariodesanpedro.com.ar\/sitio\/wp-json\/wp\/v2\/users\/4"}],"replies":[{"embeddable":true,"href":"https:\/\/eldiariodesanpedro.com.ar\/sitio\/wp-json\/wp\/v2\/comments?post=6997"}],"version-history":[{"count":1,"href":"https:\/\/eldiariodesanpedro.com.ar\/sitio\/wp-json\/wp\/v2\/posts\/6997\/revisions"}],"predecessor-version":[{"id":6999,"href":"https:\/\/eldiariodesanpedro.com.ar\/sitio\/wp-json\/wp\/v2\/posts\/6997\/revisions\/6999"}],"wp:featuredmedia":[{"embeddable":true,"href":"https:\/\/eldiariodesanpedro.com.ar\/sitio\/wp-json\/wp\/v2\/media\/6998"}],"wp:attachment":[{"href":"https:\/\/eldiariodesanpedro.com.ar\/sitio\/wp-json\/wp\/v2\/media?parent=6997"}],"wp:term":[{"taxonomy":"category","embeddable":true,"href":"https:\/\/eldiariodesanpedro.com.ar\/sitio\/wp-json\/wp\/v2\/categories?post=6997"},{"taxonomy":"post_tag","embeddable":true,"href":"https:\/\/eldiariodesanpedro.com.ar\/sitio\/wp-json\/wp\/v2\/tags?post=6997"}],"curies":[{"name":"wp","href":"https:\/\/api.w.org\/{rel}","templated":true}]}}