{"id":69964,"date":"2020-03-08T17:57:40","date_gmt":"2020-03-08T20:57:40","guid":{"rendered":"https:\/\/eldiariodesanpedro.com.ar\/sitio\/?p=69964"},"modified":"2020-03-08T17:57:43","modified_gmt":"2020-03-08T20:57:43","slug":"tres-alcoholemia-positiva-en-conductores","status":"publish","type":"post","link":"https:\/\/eldiariodesanpedro.com.ar\/sitio\/tres-alcoholemia-positiva-en-conductores\/","title":{"rendered":"Tres alcoholemia positiva en conductores"},"content":{"rendered":"<!-- VideographyWP Plugin Message: Automatic video embedding prevented by plugin options. -->\n\n<p>Contin\u00faan los controles de tr\u00e1nsito realizados por el personal de Inspecci\u00f3n municipal a cargo de Luis Caramun en la zona c\u00e9ntrica.<\/p>\n\n\n\n<p>En esta ocasi\u00f3n se realizaron durante la madrugada de domingo donde se secuestraron tres rodados en los cuales se detectaron que sus conductores manejan alcoholizados.<\/p>\n\n\n\n<p>Un automovilista registr\u00f3 en el alcohol\u00edmetro, 2,28 gramos de alcohol en sangre, mientras que otro ten\u00eda 1,57. El m\u00e1ximo permitido para choferes de autos en Argentina es de 0,5.<\/p>\n\n\n\n<p>Por su parte, un motociclista presentaba 0,89, mientras el m\u00e1ximo autorizado es de 0,20.<\/p>\n\n\n\n<figure class=\"wp-block-image size-large\"><img decoding=\"async\" width=\"768\" height=\"1024\" data-attachment-id=\"69968\" data-permalink=\"https:\/\/eldiariodesanpedro.com.ar\/sitio\/tres-alcoholemia-positiva-en-conductores\/whatsapp-image-2020-03-08-at-11-29-52-1\/\" data-orig-file=\"https:\/\/eldiariodesanpedro.com.ar\/sitio\/wp-content\/uploads\/2020\/03\/WhatsApp-Image-2020-03-08-at-11.29.52-1.jpeg\" data-orig-size=\"960,1280\" data-comments-opened=\"1\" data-image-meta=\"{&quot;aperture&quot;:&quot;0&quot;,&quot;credit&quot;:&quot;&quot;,&quot;camera&quot;:&quot;&quot;,&quot;caption&quot;:&quot;&quot;,&quot;created_timestamp&quot;:&quot;0&quot;,&quot;copyright&quot;:&quot;&quot;,&quot;focal_length&quot;:&quot;0&quot;,&quot;iso&quot;:&quot;0&quot;,&quot;shutter_speed&quot;:&quot;0&quot;,&quot;title&quot;:&quot;&quot;,&quot;orientation&quot;:&quot;0&quot;}\" data-image-title=\"WhatsApp Image 2020-03-08 at 11.29.52 (1)\" data-image-description=\"\" data-image-caption=\"\" data-large-file=\"https:\/\/eldiariodesanpedro.com.ar\/sitio\/wp-content\/uploads\/2020\/03\/WhatsApp-Image-2020-03-08-at-11.29.52-1-768x1024.jpeg\" data-src=\"https:\/\/eldiariodesanpedro.com.ar\/sitio\/wp-content\/uploads\/2020\/03\/WhatsApp-Image-2020-03-08-at-11.29.52-1-768x1024.jpeg\" alt=\"\" class=\"wp-image-69968 lazyload\" data-srcset=\"https:\/\/eldiariodesanpedro.com.ar\/sitio\/wp-content\/uploads\/2020\/03\/WhatsApp-Image-2020-03-08-at-11.29.52-1-768x1024.jpeg 768w, https:\/\/eldiariodesanpedro.com.ar\/sitio\/wp-content\/uploads\/2020\/03\/WhatsApp-Image-2020-03-08-at-11.29.52-1-225x300.jpeg 225w, https:\/\/eldiariodesanpedro.com.ar\/sitio\/wp-content\/uploads\/2020\/03\/WhatsApp-Image-2020-03-08-at-11.29.52-1.jpeg 960w\" data-sizes=\"(max-width: 768px) 100vw, 768px\" src=\"data:image\/svg+xml;base64,PHN2ZyB3aWR0aD0iMSIgaGVpZ2h0PSIxIiB4bWxucz0iaHR0cDovL3d3dy53My5vcmcvMjAwMC9zdmciPjwvc3ZnPg==\" style=\"--smush-placeholder-width: 768px; --smush-placeholder-aspect-ratio: 768\/1024;\" \/><\/figure>\n","protected":false},"excerpt":{"rendered":"<p>Contin\u00faan los controles de tr\u00e1nsito realizados por el personal de Inspecci\u00f3n municipal a cargo de Luis Caramun en la zona c\u00e9ntrica. En esta ocasi\u00f3n se realizaron durante la madrugada de domingo donde se secuestraron tres rodados en los cuales se detectaron que sus conductores manejan alcoholizados. Un automovilista registr\u00f3 en el alcohol\u00edmetro, 2,28 gramos de [&hellip;]<\/p>\n","protected":false},"author":4,"featured_media":69967,"comment_status":"open","ping_status":"closed","sticky":false,"template":"","format":"standard","meta":{"om_disable_all_campaigns":false,"_jetpack_memberships_contains_paid_content":false,"footnotes":""},"categories":[621],"tags":[],"class_list":["post-69964","post","type-post","status-publish","format-standard","has-post-thumbnail","hentry","category-regionales"],"aioseo_notices":[],"gutentor_comment":0,"jetpack_featured_media_url":"https:\/\/eldiariodesanpedro.com.ar\/sitio\/wp-content\/uploads\/2020\/03\/WhatsApp-Image-2020-03-08-at-11.29.52.jpeg","jetpack_shortlink":"https:\/\/wp.me\/p6RhLt-ics","jetpack_sharing_enabled":true,"_links":{"self":[{"href":"https:\/\/eldiariodesanpedro.com.ar\/sitio\/wp-json\/wp\/v2\/posts\/69964","targetHints":{"allow":["GET"]}}],"collection":[{"href":"https:\/\/eldiariodesanpedro.com.ar\/sitio\/wp-json\/wp\/v2\/posts"}],"about":[{"href":"https:\/\/eldiariodesanpedro.com.ar\/sitio\/wp-json\/wp\/v2\/types\/post"}],"author":[{"embeddable":true,"href":"https:\/\/eldiariodesanpedro.com.ar\/sitio\/wp-json\/wp\/v2\/users\/4"}],"replies":[{"embeddable":true,"href":"https:\/\/eldiariodesanpedro.com.ar\/sitio\/wp-json\/wp\/v2\/comments?post=69964"}],"version-history":[{"count":1,"href":"https:\/\/eldiariodesanpedro.com.ar\/sitio\/wp-json\/wp\/v2\/posts\/69964\/revisions"}],"predecessor-version":[{"id":69969,"href":"https:\/\/eldiariodesanpedro.com.ar\/sitio\/wp-json\/wp\/v2\/posts\/69964\/revisions\/69969"}],"wp:featuredmedia":[{"embeddable":true,"href":"https:\/\/eldiariodesanpedro.com.ar\/sitio\/wp-json\/wp\/v2\/media\/69967"}],"wp:attachment":[{"href":"https:\/\/eldiariodesanpedro.com.ar\/sitio\/wp-json\/wp\/v2\/media?parent=69964"}],"wp:term":[{"taxonomy":"category","embeddable":true,"href":"https:\/\/eldiariodesanpedro.com.ar\/sitio\/wp-json\/wp\/v2\/categories?post=69964"},{"taxonomy":"post_tag","embeddable":true,"href":"https:\/\/eldiariodesanpedro.com.ar\/sitio\/wp-json\/wp\/v2\/tags?post=69964"}],"curies":[{"name":"wp","href":"https:\/\/api.w.org\/{rel}","templated":true}]}}