{"id":69955,"date":"2020-03-08T17:32:35","date_gmt":"2020-03-08T20:32:35","guid":{"rendered":"https:\/\/eldiariodesanpedro.com.ar\/sitio\/?p=69955"},"modified":"2020-03-08T17:32:42","modified_gmt":"2020-03-08T20:32:42","slug":"un-robo-en-una-vivienda-se-llevaron-varios-elementos","status":"publish","type":"post","link":"https:\/\/eldiariodesanpedro.com.ar\/sitio\/un-robo-en-una-vivienda-se-llevaron-varios-elementos\/","title":{"rendered":"Un robo en una vivienda, se llevaron varios elementos"},"content":{"rendered":"<!-- VideographyWP Plugin Message: Automatic video embedding prevented by plugin options. -->\n\n<p> Se recibi\u00f3 la denuncia en la comisar\u00eda local seg\u00fan parte policial, de un masculino 52 a\u00f1os, que en la madrugada de este domingo ignorados sustraen de una vivienda ubicada en calle 41 altura 550, sin ejercer violencia,\u00a0 una motosierra Husqvarna modelo 61 de color naranja, un compresor de la marca DTA de 50 litros de capacidad de color azul, y una bicicleta rodado 28 antigua.  <\/p>\n","protected":false},"excerpt":{"rendered":"<p>Se recibi\u00f3 la denuncia en la comisar\u00eda local seg\u00fan parte policial, de un masculino 52 a\u00f1os, que en la madrugada de este domingo ignorados sustraen de una vivienda ubicada en calle 41 altura 550, sin ejercer violencia,\u00a0 una motosierra Husqvarna modelo 61 de color naranja, un compresor de la marca DTA de 50 litros de [&hellip;]<\/p>\n","protected":false},"author":4,"featured_media":69956,"comment_status":"open","ping_status":"closed","sticky":false,"template":"","format":"standard","meta":{"om_disable_all_campaigns":false,"_jetpack_memberships_contains_paid_content":false,"footnotes":""},"categories":[2,103],"tags":[],"class_list":["post-69955","post","type-post","status-publish","format-standard","has-post-thumbnail","hentry","category-locales","category-policiales-locales"],"aioseo_notices":[],"gutentor_comment":0,"jetpack_featured_media_url":"https:\/\/eldiariodesanpedro.com.ar\/sitio\/wp-content\/uploads\/2020\/03\/bbx_953845317_3_PoliRural3.jpg","jetpack_shortlink":"https:\/\/wp.me\/p6RhLt-icj","jetpack_sharing_enabled":true,"_links":{"self":[{"href":"https:\/\/eldiariodesanpedro.com.ar\/sitio\/wp-json\/wp\/v2\/posts\/69955","targetHints":{"allow":["GET"]}}],"collection":[{"href":"https:\/\/eldiariodesanpedro.com.ar\/sitio\/wp-json\/wp\/v2\/posts"}],"about":[{"href":"https:\/\/eldiariodesanpedro.com.ar\/sitio\/wp-json\/wp\/v2\/types\/post"}],"author":[{"embeddable":true,"href":"https:\/\/eldiariodesanpedro.com.ar\/sitio\/wp-json\/wp\/v2\/users\/4"}],"replies":[{"embeddable":true,"href":"https:\/\/eldiariodesanpedro.com.ar\/sitio\/wp-json\/wp\/v2\/comments?post=69955"}],"version-history":[{"count":1,"href":"https:\/\/eldiariodesanpedro.com.ar\/sitio\/wp-json\/wp\/v2\/posts\/69955\/revisions"}],"predecessor-version":[{"id":69957,"href":"https:\/\/eldiariodesanpedro.com.ar\/sitio\/wp-json\/wp\/v2\/posts\/69955\/revisions\/69957"}],"wp:featuredmedia":[{"embeddable":true,"href":"https:\/\/eldiariodesanpedro.com.ar\/sitio\/wp-json\/wp\/v2\/media\/69956"}],"wp:attachment":[{"href":"https:\/\/eldiariodesanpedro.com.ar\/sitio\/wp-json\/wp\/v2\/media?parent=69955"}],"wp:term":[{"taxonomy":"category","embeddable":true,"href":"https:\/\/eldiariodesanpedro.com.ar\/sitio\/wp-json\/wp\/v2\/categories?post=69955"},{"taxonomy":"post_tag","embeddable":true,"href":"https:\/\/eldiariodesanpedro.com.ar\/sitio\/wp-json\/wp\/v2\/tags?post=69955"}],"curies":[{"name":"wp","href":"https:\/\/api.w.org\/{rel}","templated":true}]}}