{"id":69953,"date":"2020-03-08T17:29:37","date_gmt":"2020-03-08T20:29:37","guid":{"rendered":"https:\/\/eldiariodesanpedro.com.ar\/sitio\/?p=69953"},"modified":"2020-03-08T17:29:43","modified_gmt":"2020-03-08T20:29:43","slug":"robaron-ovejas-en-un-campo","status":"publish","type":"post","link":"https:\/\/eldiariodesanpedro.com.ar\/sitio\/robaron-ovejas-en-un-campo\/","title":{"rendered":"Robaron ovejas en un campo"},"content":{"rendered":"<!-- VideographyWP Plugin Message: Automatic video embedding prevented by plugin options. -->\n\n<p>Durante el fin de semana se robaron animales en un campo cercano a Santa Luc\u00eda.<\/p>\n\n\n\n<p>Este domingo un ciudadano se acerc\u00f3 a la comisar\u00eda local de nuestra ciudad para realizar una denuncia sobre el robo de 3\u00a0 ovejas de lana color blanco con caravana color amarillo o rojo, en un campo denominado \u201cEl Mirador\u201d del cual \u00e9l es casero, al ausentarse por dos d\u00edas a su regreso constata el faltante de las mismas.<\/p>\n","protected":false},"excerpt":{"rendered":"<p>Durante el fin de semana se robaron animales en un campo cercano a Santa Luc\u00eda. Este domingo un ciudadano se acerc\u00f3 a la comisar\u00eda local de nuestra ciudad para realizar una denuncia sobre el robo de 3\u00a0 ovejas de lana color blanco con caravana color amarillo o rojo, en un campo denominado \u201cEl Mirador\u201d del [&hellip;]<\/p>\n","protected":false},"author":4,"featured_media":45394,"comment_status":"open","ping_status":"closed","sticky":false,"template":"","format":"standard","meta":{"om_disable_all_campaigns":false,"_jetpack_memberships_contains_paid_content":false,"footnotes":""},"categories":[2,103],"tags":[],"class_list":["post-69953","post","type-post","status-publish","format-standard","has-post-thumbnail","hentry","category-locales","category-policiales-locales"],"aioseo_notices":[],"gutentor_comment":0,"jetpack_featured_media_url":"https:\/\/eldiariodesanpedro.com.ar\/sitio\/wp-content\/uploads\/2019\/01\/comisaria.jpg","jetpack_shortlink":"https:\/\/wp.me\/p6RhLt-ich","jetpack_sharing_enabled":true,"_links":{"self":[{"href":"https:\/\/eldiariodesanpedro.com.ar\/sitio\/wp-json\/wp\/v2\/posts\/69953","targetHints":{"allow":["GET"]}}],"collection":[{"href":"https:\/\/eldiariodesanpedro.com.ar\/sitio\/wp-json\/wp\/v2\/posts"}],"about":[{"href":"https:\/\/eldiariodesanpedro.com.ar\/sitio\/wp-json\/wp\/v2\/types\/post"}],"author":[{"embeddable":true,"href":"https:\/\/eldiariodesanpedro.com.ar\/sitio\/wp-json\/wp\/v2\/users\/4"}],"replies":[{"embeddable":true,"href":"https:\/\/eldiariodesanpedro.com.ar\/sitio\/wp-json\/wp\/v2\/comments?post=69953"}],"version-history":[{"count":1,"href":"https:\/\/eldiariodesanpedro.com.ar\/sitio\/wp-json\/wp\/v2\/posts\/69953\/revisions"}],"predecessor-version":[{"id":69954,"href":"https:\/\/eldiariodesanpedro.com.ar\/sitio\/wp-json\/wp\/v2\/posts\/69953\/revisions\/69954"}],"wp:featuredmedia":[{"embeddable":true,"href":"https:\/\/eldiariodesanpedro.com.ar\/sitio\/wp-json\/wp\/v2\/media\/45394"}],"wp:attachment":[{"href":"https:\/\/eldiariodesanpedro.com.ar\/sitio\/wp-json\/wp\/v2\/media?parent=69953"}],"wp:term":[{"taxonomy":"category","embeddable":true,"href":"https:\/\/eldiariodesanpedro.com.ar\/sitio\/wp-json\/wp\/v2\/categories?post=69953"},{"taxonomy":"post_tag","embeddable":true,"href":"https:\/\/eldiariodesanpedro.com.ar\/sitio\/wp-json\/wp\/v2\/tags?post=69953"}],"curies":[{"name":"wp","href":"https:\/\/api.w.org\/{rel}","templated":true}]}}