{"id":69951,"date":"2020-03-08T17:28:26","date_gmt":"2020-03-08T20:28:26","guid":{"rendered":"https:\/\/eldiariodesanpedro.com.ar\/sitio\/?p=69951"},"modified":"2020-03-08T17:28:33","modified_gmt":"2020-03-08T20:28:33","slug":"dos-ladrones-ingresaron-mientras-dormia","status":"publish","type":"post","link":"https:\/\/eldiariodesanpedro.com.ar\/sitio\/dos-ladrones-ingresaron-mientras-dormia\/","title":{"rendered":"Dos ladrones ingresaron mientras dorm\u00eda"},"content":{"rendered":"<!-- VideographyWP Plugin Message: Automatic video embedding prevented by plugin options. -->\n\n<p>Durante la madrugada de este domingo en una vivienda ubicada en calle Bottaro y Alvarado mientras su propietario de 44 a\u00f1os de edad se encontraba descansando, dos delincuentes ingresaron y lograron sustraer un televisor de 50 pulgadas d\u00e1ndose a la fuga a pie.&nbsp;<\/p>\n\n\n\n<p>La v\u00edctima de este il\u00edcito pudo constatar lo que acontencia por que escucho ruidos y vio cuando estos malhechores se daban a la fuga.<\/p>\n","protected":false},"excerpt":{"rendered":"<p>Durante la madrugada de este domingo en una vivienda ubicada en calle Bottaro y Alvarado mientras su propietario de 44 a\u00f1os de edad se encontraba descansando, dos delincuentes ingresaron y lograron sustraer un televisor de 50 pulgadas d\u00e1ndose a la fuga a pie.&nbsp; La v\u00edctima de este il\u00edcito pudo constatar lo que acontencia por que [&hellip;]<\/p>\n","protected":false},"author":4,"featured_media":69625,"comment_status":"open","ping_status":"closed","sticky":false,"template":"","format":"standard","meta":{"om_disable_all_campaigns":false,"_jetpack_memberships_contains_paid_content":false,"footnotes":""},"categories":[2,103],"tags":[],"class_list":["post-69951","post","type-post","status-publish","format-standard","has-post-thumbnail","hentry","category-locales","category-policiales-locales"],"aioseo_notices":[],"gutentor_comment":0,"jetpack_featured_media_url":"https:\/\/eldiariodesanpedro.com.ar\/sitio\/wp-content\/uploads\/2020\/03\/89157126_2571685863075320_2268155113572925440_o.jpg","jetpack_shortlink":"https:\/\/wp.me\/p6RhLt-icf","jetpack_sharing_enabled":true,"_links":{"self":[{"href":"https:\/\/eldiariodesanpedro.com.ar\/sitio\/wp-json\/wp\/v2\/posts\/69951","targetHints":{"allow":["GET"]}}],"collection":[{"href":"https:\/\/eldiariodesanpedro.com.ar\/sitio\/wp-json\/wp\/v2\/posts"}],"about":[{"href":"https:\/\/eldiariodesanpedro.com.ar\/sitio\/wp-json\/wp\/v2\/types\/post"}],"author":[{"embeddable":true,"href":"https:\/\/eldiariodesanpedro.com.ar\/sitio\/wp-json\/wp\/v2\/users\/4"}],"replies":[{"embeddable":true,"href":"https:\/\/eldiariodesanpedro.com.ar\/sitio\/wp-json\/wp\/v2\/comments?post=69951"}],"version-history":[{"count":1,"href":"https:\/\/eldiariodesanpedro.com.ar\/sitio\/wp-json\/wp\/v2\/posts\/69951\/revisions"}],"predecessor-version":[{"id":69952,"href":"https:\/\/eldiariodesanpedro.com.ar\/sitio\/wp-json\/wp\/v2\/posts\/69951\/revisions\/69952"}],"wp:featuredmedia":[{"embeddable":true,"href":"https:\/\/eldiariodesanpedro.com.ar\/sitio\/wp-json\/wp\/v2\/media\/69625"}],"wp:attachment":[{"href":"https:\/\/eldiariodesanpedro.com.ar\/sitio\/wp-json\/wp\/v2\/media?parent=69951"}],"wp:term":[{"taxonomy":"category","embeddable":true,"href":"https:\/\/eldiariodesanpedro.com.ar\/sitio\/wp-json\/wp\/v2\/categories?post=69951"},{"taxonomy":"post_tag","embeddable":true,"href":"https:\/\/eldiariodesanpedro.com.ar\/sitio\/wp-json\/wp\/v2\/tags?post=69951"}],"curies":[{"name":"wp","href":"https:\/\/api.w.org\/{rel}","templated":true}]}}