{"id":69942,"date":"2020-03-08T17:11:17","date_gmt":"2020-03-08T20:11:17","guid":{"rendered":"https:\/\/eldiariodesanpedro.com.ar\/sitio\/?p=69942"},"modified":"2020-03-08T17:11:18","modified_gmt":"2020-03-08T20:11:18","slug":"tres-accidentes-de-motos-con-heridos-graves","status":"publish","type":"post","link":"https:\/\/eldiariodesanpedro.com.ar\/sitio\/tres-accidentes-de-motos-con-heridos-graves\/","title":{"rendered":"Tres accidentes de motos con heridos graves"},"content":{"rendered":"<!-- VideographyWP Plugin Message: Automatic video embedding prevented by plugin options. -->\n\n<p>Este s\u00e1bado y domingo ocurrieron dos accidentes de tr\u00e1nsito donde resultaron heridas varias personas, dos de ellas con heridas graves.<\/p>\n\n\n\n<p>El primero de ellos ocurri\u00f3 por razones que se tratan de establecer en la intersecci\u00f3n de las calles Sargento Selada y Lavalle donde una Motocicleta marca Zanella conducida por una ciudadana de&nbsp; 57 a\u00f1os, colision\u00f3 contra autom\u00f3vil marca Fiat uno de color blanco quien se da a la fuga. Como consecuencia la v\u00edctima, fue trasladada por la ambulancia del SAME, presentando lesiones graves sin riesgo de vida.&nbsp;<\/p>\n\n\n\n<p>Horas m\u00e1s tarde pasadas las 21 hs en calle 11 de Septiembre y Alvarado, una motocicleta marca Honda 125 cc, conducida por un joven de 19 a\u00f1os, colision\u00f3 con otra motocicleta Gilera 110 cc, guiada por masculino de 15 a\u00f1os , quien result\u00f3 lesionado y trasladado a hospital local, traumatismos varios permanece en Unidad de Terapia Intensiva con un fuerte traumatismo de cr\u00e1neo.<\/p>\n\n\n\n<p>El tercero ocurri\u00f3 en la tarde del domingo en la esquina de General Pueyrredon y Belgrano donde una motocicleta embisti\u00f3 a un bicicleta en la que circulaba un ni\u00f1o. A bordo de la moto tipo 110 cc circulaba un hombre mayor de edad, una mujer mayor de edad y un ni\u00f1o. <br>Siendo trasladados los tres ya que la mujer se encuentra embarazada, adem\u00e1s de sufrir un corte profundo en una de sus piernas. Por su parte el ni\u00f1o de la bicicleta solo sufri\u00f3 raspones.<\/p>\n\n\n\n<figure class=\"wp-block-image size-large\"><img decoding=\"async\" width=\"1024\" height=\"498\" data-attachment-id=\"69946\" data-permalink=\"https:\/\/eldiariodesanpedro.com.ar\/sitio\/20200308_165259\/\" data-orig-file=\"https:\/\/eldiariodesanpedro.com.ar\/sitio\/wp-content\/uploads\/2020\/03\/20200308_165259-scaled.jpg\" data-orig-size=\"2560,1244\" data-comments-opened=\"1\" data-image-meta=\"{&quot;aperture&quot;:&quot;1.7&quot;,&quot;credit&quot;:&quot;&quot;,&quot;camera&quot;:&quot;SM-N950F&quot;,&quot;caption&quot;:&quot;&quot;,&quot;created_timestamp&quot;:&quot;1583686379&quot;,&quot;copyright&quot;:&quot;&quot;,&quot;focal_length&quot;:&quot;4.3&quot;,&quot;iso&quot;:&quot;40&quot;,&quot;shutter_speed&quot;:&quot;0.00092936802973978&quot;,&quot;title&quot;:&quot;&quot;,&quot;orientation&quot;:&quot;1&quot;}\" data-image-title=\"20200308_165259\" data-image-description=\"\" data-image-caption=\"\" data-large-file=\"https:\/\/eldiariodesanpedro.com.ar\/sitio\/wp-content\/uploads\/2020\/03\/20200308_165259-1024x498.jpg\" data-src=\"https:\/\/eldiariodesanpedro.com.ar\/sitio\/wp-content\/uploads\/2020\/03\/20200308_165259-1024x498.jpg\" alt=\"\" class=\"wp-image-69946 lazyload\" data-srcset=\"https:\/\/eldiariodesanpedro.com.ar\/sitio\/wp-content\/uploads\/2020\/03\/20200308_165259-1024x498.jpg 1024w, https:\/\/eldiariodesanpedro.com.ar\/sitio\/wp-content\/uploads\/2020\/03\/20200308_165259-300x146.jpg 300w, https:\/\/eldiariodesanpedro.com.ar\/sitio\/wp-content\/uploads\/2020\/03\/20200308_165259-768x373.jpg 768w, https:\/\/eldiariodesanpedro.com.ar\/sitio\/wp-content\/uploads\/2020\/03\/20200308_165259-1536x747.jpg 1536w, https:\/\/eldiariodesanpedro.com.ar\/sitio\/wp-content\/uploads\/2020\/03\/20200308_165259-2048x996.jpg 2048w\" data-sizes=\"(max-width: 1024px) 100vw, 1024px\" src=\"data:image\/svg+xml;base64,PHN2ZyB3aWR0aD0iMSIgaGVpZ2h0PSIxIiB4bWxucz0iaHR0cDovL3d3dy53My5vcmcvMjAwMC9zdmciPjwvc3ZnPg==\" style=\"--smush-placeholder-width: 1024px; --smush-placeholder-aspect-ratio: 1024\/498;\" \/><\/figure>\n","protected":false},"excerpt":{"rendered":"<p>Este s\u00e1bado y domingo ocurrieron dos accidentes de tr\u00e1nsito donde resultaron heridas varias personas, dos de ellas con heridas graves. El primero de ellos ocurri\u00f3 por razones que se tratan de establecer en la intersecci\u00f3n de las calles Sargento Selada y Lavalle donde una Motocicleta marca Zanella conducida por una ciudadana de&nbsp; 57 a\u00f1os, colision\u00f3 [&hellip;]<\/p>\n","protected":false},"author":4,"featured_media":69944,"comment_status":"open","ping_status":"closed","sticky":false,"template":"","format":"standard","meta":{"om_disable_all_campaigns":false,"_jetpack_memberships_contains_paid_content":false,"footnotes":""},"categories":[50,2,103],"tags":[],"class_list":["post-69942","post","type-post","status-publish","format-standard","has-post-thumbnail","hentry","category-destacadas","category-locales","category-policiales-locales"],"aioseo_notices":[],"gutentor_comment":0,"jetpack_featured_media_url":"https:\/\/eldiariodesanpedro.com.ar\/sitio\/wp-content\/uploads\/2020\/03\/20200308_165543-1-scaled.jpg","jetpack_shortlink":"https:\/\/wp.me\/p6RhLt-ic6","jetpack_sharing_enabled":true,"_links":{"self":[{"href":"https:\/\/eldiariodesanpedro.com.ar\/sitio\/wp-json\/wp\/v2\/posts\/69942","targetHints":{"allow":["GET"]}}],"collection":[{"href":"https:\/\/eldiariodesanpedro.com.ar\/sitio\/wp-json\/wp\/v2\/posts"}],"about":[{"href":"https:\/\/eldiariodesanpedro.com.ar\/sitio\/wp-json\/wp\/v2\/types\/post"}],"author":[{"embeddable":true,"href":"https:\/\/eldiariodesanpedro.com.ar\/sitio\/wp-json\/wp\/v2\/users\/4"}],"replies":[{"embeddable":true,"href":"https:\/\/eldiariodesanpedro.com.ar\/sitio\/wp-json\/wp\/v2\/comments?post=69942"}],"version-history":[{"count":1,"href":"https:\/\/eldiariodesanpedro.com.ar\/sitio\/wp-json\/wp\/v2\/posts\/69942\/revisions"}],"predecessor-version":[{"id":69948,"href":"https:\/\/eldiariodesanpedro.com.ar\/sitio\/wp-json\/wp\/v2\/posts\/69942\/revisions\/69948"}],"wp:featuredmedia":[{"embeddable":true,"href":"https:\/\/eldiariodesanpedro.com.ar\/sitio\/wp-json\/wp\/v2\/media\/69944"}],"wp:attachment":[{"href":"https:\/\/eldiariodesanpedro.com.ar\/sitio\/wp-json\/wp\/v2\/media?parent=69942"}],"wp:term":[{"taxonomy":"category","embeddable":true,"href":"https:\/\/eldiariodesanpedro.com.ar\/sitio\/wp-json\/wp\/v2\/categories?post=69942"},{"taxonomy":"post_tag","embeddable":true,"href":"https:\/\/eldiariodesanpedro.com.ar\/sitio\/wp-json\/wp\/v2\/tags?post=69942"}],"curies":[{"name":"wp","href":"https:\/\/api.w.org\/{rel}","templated":true}]}}