{"id":69940,"date":"2020-03-08T16:45:59","date_gmt":"2020-03-08T19:45:59","guid":{"rendered":"https:\/\/eldiariodesanpedro.com.ar\/sitio\/?p=69940"},"modified":"2020-03-08T16:46:00","modified_gmt":"2020-03-08T19:46:00","slug":"un-aprehendido-por-provocar-danos-en-una-vivienda","status":"publish","type":"post","link":"https:\/\/eldiariodesanpedro.com.ar\/sitio\/un-aprehendido-por-provocar-danos-en-una-vivienda\/","title":{"rendered":"Un aprehendido por provocar da\u00f1os en una vivienda"},"content":{"rendered":"<!-- VideographyWP Plugin Message: Automatic video embedding prevented by plugin options. -->\n\n<p>El personal de la comisar\u00eda local ra\u00edz llamado dependencia, aprehende a masculino de 24 a\u00f1os, quien refiere amenazas y rompe cristales de ventana de vivienda ubicada en calle Miguel Porta al 1300, propiedad masculino de 34 a\u00f1os.&nbsp;<\/p>\n\n\n\n<p>Se tratar\u00eda de un conflicto vieja data, tom\u00f3 conocimiento de la Dra. Santini de UFI\u00a0 N\u00b0 11, dispuso declaraci\u00f3n de la v\u00edctima y realiz\u00f3 la correspondiente notificaci\u00f3n formaci\u00f3n de la causa imputado, y dem\u00e1s recaudos legales.<\/p>\n","protected":false},"excerpt":{"rendered":"<p>El personal de la comisar\u00eda local ra\u00edz llamado dependencia, aprehende a masculino de 24 a\u00f1os, quien refiere amenazas y rompe cristales de ventana de vivienda ubicada en calle Miguel Porta al 1300, propiedad masculino de 34 a\u00f1os.&nbsp; Se tratar\u00eda de un conflicto vieja data, tom\u00f3 conocimiento de la Dra. Santini de UFI\u00a0 N\u00b0 11, dispuso [&hellip;]<\/p>\n","protected":false},"author":4,"featured_media":69872,"comment_status":"open","ping_status":"closed","sticky":false,"template":"","format":"standard","meta":{"om_disable_all_campaigns":false,"_jetpack_memberships_contains_paid_content":false,"footnotes":""},"categories":[2,103],"tags":[],"class_list":["post-69940","post","type-post","status-publish","format-standard","has-post-thumbnail","hentry","category-locales","category-policiales-locales"],"aioseo_notices":[],"gutentor_comment":0,"jetpack_featured_media_url":"https:\/\/eldiariodesanpedro.com.ar\/sitio\/wp-content\/uploads\/2020\/03\/MENOR-ESPOSADO-ROCA.jpg","jetpack_shortlink":"https:\/\/wp.me\/p6RhLt-ic4","jetpack_sharing_enabled":true,"_links":{"self":[{"href":"https:\/\/eldiariodesanpedro.com.ar\/sitio\/wp-json\/wp\/v2\/posts\/69940","targetHints":{"allow":["GET"]}}],"collection":[{"href":"https:\/\/eldiariodesanpedro.com.ar\/sitio\/wp-json\/wp\/v2\/posts"}],"about":[{"href":"https:\/\/eldiariodesanpedro.com.ar\/sitio\/wp-json\/wp\/v2\/types\/post"}],"author":[{"embeddable":true,"href":"https:\/\/eldiariodesanpedro.com.ar\/sitio\/wp-json\/wp\/v2\/users\/4"}],"replies":[{"embeddable":true,"href":"https:\/\/eldiariodesanpedro.com.ar\/sitio\/wp-json\/wp\/v2\/comments?post=69940"}],"version-history":[{"count":1,"href":"https:\/\/eldiariodesanpedro.com.ar\/sitio\/wp-json\/wp\/v2\/posts\/69940\/revisions"}],"predecessor-version":[{"id":69941,"href":"https:\/\/eldiariodesanpedro.com.ar\/sitio\/wp-json\/wp\/v2\/posts\/69940\/revisions\/69941"}],"wp:featuredmedia":[{"embeddable":true,"href":"https:\/\/eldiariodesanpedro.com.ar\/sitio\/wp-json\/wp\/v2\/media\/69872"}],"wp:attachment":[{"href":"https:\/\/eldiariodesanpedro.com.ar\/sitio\/wp-json\/wp\/v2\/media?parent=69940"}],"wp:term":[{"taxonomy":"category","embeddable":true,"href":"https:\/\/eldiariodesanpedro.com.ar\/sitio\/wp-json\/wp\/v2\/categories?post=69940"},{"taxonomy":"post_tag","embeddable":true,"href":"https:\/\/eldiariodesanpedro.com.ar\/sitio\/wp-json\/wp\/v2\/tags?post=69940"}],"curies":[{"name":"wp","href":"https:\/\/api.w.org\/{rel}","templated":true}]}}