{"id":69937,"date":"2020-03-08T16:31:00","date_gmt":"2020-03-08T19:31:00","guid":{"rendered":"https:\/\/eldiariodesanpedro.com.ar\/sitio\/?p=69937"},"modified":"2020-03-08T16:31:04","modified_gmt":"2020-03-08T19:31:04","slug":"seis-anos-despues-un-adn-positivo-podria-esclarecer-el-crimen-de-maria-florencia-cresta","status":"publish","type":"post","link":"https:\/\/eldiariodesanpedro.com.ar\/sitio\/seis-anos-despues-un-adn-positivo-podria-esclarecer-el-crimen-de-maria-florencia-cresta\/","title":{"rendered":"Seis a\u00f1os despu\u00e9s: Un ADN positivo podr\u00eda esclarecer el crimen de Mar\u00eda Florencia Cresta"},"content":{"rendered":"<!-- VideographyWP Plugin Message: Automatic video embedding prevented by plugin options. -->\n\n<p>Mediante un impecable trabajo del fiscal Marcelo Manso y su equipo el asesinato de la joven estar\u00eda pr\u00e1cticamente esclarecido. Las huellas levantadas en el lugar del hecho coincidir\u00edan con las de un joven detenido por otro caso hace poco tiempo. El homicidio ocurri\u00f3 en noviembre de 2013.<\/p>\n\n\n\n<p>Apesar del tiempo transcurrido y de que durante el juicio no se pudo condenar a quienes aparec\u00edan como los principales responsables del asesinato, ahora, una serie de diligencias ordenadas por el fiscal Marcelo Manso habilitar\u00edan establecer qui\u00e9n fue el autor del crimen de Mar\u00eda Florencia Cresta, de 32 a\u00f1os, \u00a0ocurrido el 20 de noviembre de 2015.<\/p>\n\n\n\n<p>El impecable trabajo del personal de la Fiscal\u00eda 5, permiti\u00f3 avanzar en la hip\u00f3tesis y obtener pruebas concretas.<\/p>\n\n\n\n<p>La detenci\u00f3n de una persona con frondosos antecedentes vinculada a un hecho de abuso sexual, m\u00e1s el testimonio de la v\u00edctima, dieron lugar al titular de la Ufi 5 poder establecer distintos par\u00e1metros que le permitir\u00edan pr\u00e1cticamente esclarecer el hecho.<\/p>\n\n\n\n<p>El sospechoso nunca hab\u00eda estado imputado en el caso pero lo expresado a su v\u00edctima del episodio de abuso y los peritajes que realizaron con posterioridad posibilitar\u00edan llegar a la verdad.<\/p>\n\n\n\n<p>\u00ab\u00bfQuer\u00e9s que te pase lo de Florencia Cuesta?\u00bb, habr\u00eda expresado a modo de amenaza el acusado a la mujer que someti\u00f3. Eso fue lo que abri\u00f3 las sospechas y termin\u00f3 siendo determinante para reactivar el caso y poder esclarecerlo.<\/p>\n\n\n\n<p>En concreto, el ADN del sospechoso coincide con el encontrado en los rastros recolectados en el lugar donde apareci\u00f3 la mujer asesinada. Ese d\u00eda, a pocos metros del cuerpo de la v\u00edctima se hallaron preservativos usados, un encendedor, pedazos de una mochila y otros elementos que fueron aportados a la causa.<\/p>\n\n\n\n<p>Mar\u00eda Florencia Cresta estaba desaparecida desde hac\u00eda cuatro d\u00edas y fue hallada en un descampado de dif\u00edcil acceso en inmediaciones del cementerio parque. Su cuerpo se encontraba en un avanzado estado de descomposici\u00f3n y presentaba signos de estrangulamiento y abuso sexual. El cuerpo estaba boca arriba en una clara posici\u00f3n de haber sido arrojada desde alg\u00fan veh\u00edculo.<\/p>\n\n\n\n<p>Por este hecho a las pocas horas de hallado el cuerpo se detuvo a Sebasti\u00e1n Milciades Lencina, pero en el juicio oral realizado en diciembre de 2017 fue absuelto al no poder hallarse las pruebas suficientes que permitan sancionarlo. La familia de la v\u00edctima cuestion\u00f3 en ese momento a la fiscal Gabriela Ates que fue quien estuvo a cargo de la investigaci\u00f3n hasta que fue cesanteada de sus funciones. &nbsp;<\/p>\n\n\n\n<p>Por estas horas el Fiscal Manso analiza algunas cuestiones ligadas al caso y definir\u00e1 el futuro judicial del sospechoso.<\/p>\n\n\n\n<p>Fuente: SAn Pedro Informa<\/p>\n","protected":false},"excerpt":{"rendered":"<p>Mediante un impecable trabajo del fiscal Marcelo Manso y su equipo el asesinato de la joven estar\u00eda pr\u00e1cticamente esclarecido. Las huellas levantadas en el lugar del hecho coincidir\u00edan con las de un joven detenido por otro caso hace poco tiempo. El homicidio ocurri\u00f3 en noviembre de 2013. Apesar del tiempo transcurrido y de que durante [&hellip;]<\/p>\n","protected":false},"author":4,"featured_media":69938,"comment_status":"open","ping_status":"closed","sticky":false,"template":"","format":"standard","meta":{"om_disable_all_campaigns":false,"_jetpack_memberships_contains_paid_content":false,"footnotes":""},"categories":[50,2,103],"tags":[],"class_list":["post-69937","post","type-post","status-publish","format-standard","has-post-thumbnail","hentry","category-destacadas","category-locales","category-policiales-locales"],"aioseo_notices":[],"gutentor_comment":0,"jetpack_featured_media_url":"https:\/\/eldiariodesanpedro.com.ar\/sitio\/wp-content\/uploads\/2020\/03\/000082564.jpg","jetpack_shortlink":"https:\/\/wp.me\/p6RhLt-ic1","jetpack_sharing_enabled":true,"_links":{"self":[{"href":"https:\/\/eldiariodesanpedro.com.ar\/sitio\/wp-json\/wp\/v2\/posts\/69937","targetHints":{"allow":["GET"]}}],"collection":[{"href":"https:\/\/eldiariodesanpedro.com.ar\/sitio\/wp-json\/wp\/v2\/posts"}],"about":[{"href":"https:\/\/eldiariodesanpedro.com.ar\/sitio\/wp-json\/wp\/v2\/types\/post"}],"author":[{"embeddable":true,"href":"https:\/\/eldiariodesanpedro.com.ar\/sitio\/wp-json\/wp\/v2\/users\/4"}],"replies":[{"embeddable":true,"href":"https:\/\/eldiariodesanpedro.com.ar\/sitio\/wp-json\/wp\/v2\/comments?post=69937"}],"version-history":[{"count":1,"href":"https:\/\/eldiariodesanpedro.com.ar\/sitio\/wp-json\/wp\/v2\/posts\/69937\/revisions"}],"predecessor-version":[{"id":69939,"href":"https:\/\/eldiariodesanpedro.com.ar\/sitio\/wp-json\/wp\/v2\/posts\/69937\/revisions\/69939"}],"wp:featuredmedia":[{"embeddable":true,"href":"https:\/\/eldiariodesanpedro.com.ar\/sitio\/wp-json\/wp\/v2\/media\/69938"}],"wp:attachment":[{"href":"https:\/\/eldiariodesanpedro.com.ar\/sitio\/wp-json\/wp\/v2\/media?parent=69937"}],"wp:term":[{"taxonomy":"category","embeddable":true,"href":"https:\/\/eldiariodesanpedro.com.ar\/sitio\/wp-json\/wp\/v2\/categories?post=69937"},{"taxonomy":"post_tag","embeddable":true,"href":"https:\/\/eldiariodesanpedro.com.ar\/sitio\/wp-json\/wp\/v2\/tags?post=69937"}],"curies":[{"name":"wp","href":"https:\/\/api.w.org\/{rel}","templated":true}]}}