{"id":69931,"date":"2020-03-08T16:07:03","date_gmt":"2020-03-08T19:07:03","guid":{"rendered":"https:\/\/eldiariodesanpedro.com.ar\/sitio\/?p=69931"},"modified":"2020-03-08T16:07:06","modified_gmt":"2020-03-08T19:07:06","slug":"campana-asaltaron-y-golpearon-a-una-anciana-de-92-anos-el-delincuente-fingio-ser-un-pintor","status":"publish","type":"post","link":"https:\/\/eldiariodesanpedro.com.ar\/sitio\/campana-asaltaron-y-golpearon-a-una-anciana-de-92-anos-el-delincuente-fingio-ser-un-pintor\/","title":{"rendered":"CAMPANA | Asaltaron y golpearon a una anciana de 92 a\u00f1os, el delincuente fingi\u00f3 ser un pintor"},"content":{"rendered":"<!-- VideographyWP Plugin Message: Automatic video embedding prevented by plugin options. -->\n\n<p>\n\nEl hecho ocurri\u00f3 en Arenales al 300. La mujer abri\u00f3 la puerta creyendo que se trataba de un pintor que trabajaba en su vivienda, cuando el ladr\u00f3n la derrib\u00f3 a los golpes. Tras amenazarla y herirla en una mano, se llev\u00f3 relojes y bijouterie.<\/p>\n\n\n\n<p>Un delincuente atac\u00f3 y asalt\u00f3 a una mujer de 92 a\u00f1os, que se encontraba en su vivienda de Arenales al 300.<\/p>\n\n\n\n<p>Seg\u00fan testimonios, el ladr\u00f3n golpe\u00f3 la puerta de la vecina, quien la abri\u00f3 pensando que se trataba de un pintor que trabajaba en el domicilio. Aprovechando la oportunidad, el malviviente golpe\u00f3 a la mujer hasta derribarla.<\/p>\n\n\n\n<p>Ya en el suelo, la nonagenaria fue amenazada por el violento sujeto, quien le anticip\u00f3 que le amputar\u00eda un dedo si no le entregaba dinero. De hecho, le realiz\u00f3 un corte en uno de sus dedos para huir llev\u00e1ndose relojes y cadenitas, justo cuando el pintor escuch\u00f3 ruidos y se acercaba para ver que ocurr\u00eda.<\/p>\n\n\n\n<p>La mujer, identificada como Yolanda Romano, fue asistida por el trabajador quien dio aviso a la polic\u00eda y bomberos, arribando el m\u00f3vil 43 de la fuerza Voluntaria, asistiendo a la v\u00edctima. Intervino el m\u00f3vil zona 4 del CP local.<\/p>\n\n\n\n<p>Fuente: Campana Noticias<\/p>\n","protected":false},"excerpt":{"rendered":"<p>El hecho ocurri\u00f3 en Arenales al 300. La mujer abri\u00f3 la puerta creyendo que se trataba de un pintor que trabajaba en su vivienda, cuando el ladr\u00f3n la derrib\u00f3 a los golpes. Tras amenazarla y herirla en una mano, se llev\u00f3 relojes y bijouterie. Un delincuente atac\u00f3 y asalt\u00f3 a una mujer de 92 a\u00f1os, [&hellip;]<\/p>\n","protected":false},"author":4,"featured_media":69932,"comment_status":"open","ping_status":"closed","sticky":false,"template":"","format":"standard","meta":{"om_disable_all_campaigns":false,"_jetpack_memberships_contains_paid_content":false,"footnotes":""},"categories":[621],"tags":[],"class_list":["post-69931","post","type-post","status-publish","format-standard","has-post-thumbnail","hentry","category-regionales"],"aioseo_notices":[],"gutentor_comment":0,"jetpack_featured_media_url":"https:\/\/eldiariodesanpedro.com.ar\/sitio\/wp-content\/uploads\/2020\/03\/campana_158.jpg","jetpack_shortlink":"https:\/\/wp.me\/p6RhLt-ibV","jetpack_sharing_enabled":true,"_links":{"self":[{"href":"https:\/\/eldiariodesanpedro.com.ar\/sitio\/wp-json\/wp\/v2\/posts\/69931","targetHints":{"allow":["GET"]}}],"collection":[{"href":"https:\/\/eldiariodesanpedro.com.ar\/sitio\/wp-json\/wp\/v2\/posts"}],"about":[{"href":"https:\/\/eldiariodesanpedro.com.ar\/sitio\/wp-json\/wp\/v2\/types\/post"}],"author":[{"embeddable":true,"href":"https:\/\/eldiariodesanpedro.com.ar\/sitio\/wp-json\/wp\/v2\/users\/4"}],"replies":[{"embeddable":true,"href":"https:\/\/eldiariodesanpedro.com.ar\/sitio\/wp-json\/wp\/v2\/comments?post=69931"}],"version-history":[{"count":1,"href":"https:\/\/eldiariodesanpedro.com.ar\/sitio\/wp-json\/wp\/v2\/posts\/69931\/revisions"}],"predecessor-version":[{"id":69933,"href":"https:\/\/eldiariodesanpedro.com.ar\/sitio\/wp-json\/wp\/v2\/posts\/69931\/revisions\/69933"}],"wp:featuredmedia":[{"embeddable":true,"href":"https:\/\/eldiariodesanpedro.com.ar\/sitio\/wp-json\/wp\/v2\/media\/69932"}],"wp:attachment":[{"href":"https:\/\/eldiariodesanpedro.com.ar\/sitio\/wp-json\/wp\/v2\/media?parent=69931"}],"wp:term":[{"taxonomy":"category","embeddable":true,"href":"https:\/\/eldiariodesanpedro.com.ar\/sitio\/wp-json\/wp\/v2\/categories?post=69931"},{"taxonomy":"post_tag","embeddable":true,"href":"https:\/\/eldiariodesanpedro.com.ar\/sitio\/wp-json\/wp\/v2\/tags?post=69931"}],"curies":[{"name":"wp","href":"https:\/\/api.w.org\/{rel}","templated":true}]}}