{"id":69928,"date":"2020-03-08T16:05:00","date_gmt":"2020-03-08T19:05:00","guid":{"rendered":"https:\/\/eldiariodesanpedro.com.ar\/sitio\/?p=69928"},"modified":"2020-03-08T16:05:07","modified_gmt":"2020-03-08T19:05:07","slug":"ramallo-nueva-audiencia-por-despidos-en-la-municipalidad","status":"publish","type":"post","link":"https:\/\/eldiariodesanpedro.com.ar\/sitio\/ramallo-nueva-audiencia-por-despidos-en-la-municipalidad\/","title":{"rendered":"RAMALLO | Nueva audiencia por despidos en la Municipalidad"},"content":{"rendered":"<!-- VideographyWP Plugin Message: Automatic video embedding prevented by plugin options. -->\n\n<p>\n\nSe llev\u00f3 adelante en San Nicol\u00e1s. Piden la reincorporaci\u00f3n de 40 trabajadores desplazados por la gesti\u00f3n Perie.<\/p>\n\n\n\n<p>Convocados por las autoridades de la delegaci\u00f3n San Nicol\u00e1s del Ministerio de Trabajo, ATE seccional Ramallo, Arrecifes y Salto estuvo presente este viernes 6 de marzo reiterando el pedido de reincorporaci\u00f3n de los 40 trabajadores despedidos por la Municipalidad de Ramallo.<\/p>\n\n\n\n<p>En esta ocasi\u00f3n se hicieron presentes autoridades del gobierno de Ramallo a quienes se les reiter\u00f3 el pedido en la audiencia de reincorporar a los 40 trabajadores despedidos.<\/p>\n\n\n\n<p>Desde la Municipalidad informaron que ratifican la acciones llevadas adelante e informadas el 21 de febrero y declinan la instancia administrativa.<\/p>\n\n\n\n<p>\u201cLlevaremos adelante acciones administrativas y gremiales y la pr\u00f3xima semana estaremos llamando a asamblea a los trabajadores en d\u00eda y lugar a informar en las pr\u00f3ximas horas\u201d, resumieron desde ATE.<\/p>\n\n\n\n<p>Fuente: Ramallo Ciudad<\/p>\n","protected":false},"excerpt":{"rendered":"<p>Se llev\u00f3 adelante en San Nicol\u00e1s. Piden la reincorporaci\u00f3n de 40 trabajadores desplazados por la gesti\u00f3n Perie. Convocados por las autoridades de la delegaci\u00f3n San Nicol\u00e1s del Ministerio de Trabajo, ATE seccional Ramallo, Arrecifes y Salto estuvo presente este viernes 6 de marzo reiterando el pedido de reincorporaci\u00f3n de los 40 trabajadores despedidos por la [&hellip;]<\/p>\n","protected":false},"author":4,"featured_media":69929,"comment_status":"open","ping_status":"closed","sticky":false,"template":"","format":"standard","meta":{"om_disable_all_campaigns":false,"_jetpack_memberships_contains_paid_content":false,"footnotes":""},"categories":[621],"tags":[],"class_list":["post-69928","post","type-post","status-publish","format-standard","has-post-thumbnail","hentry","category-regionales"],"aioseo_notices":[],"gutentor_comment":0,"jetpack_featured_media_url":"https:\/\/eldiariodesanpedro.com.ar\/sitio\/wp-content\/uploads\/2020\/03\/ramallo_53.jpg","jetpack_shortlink":"https:\/\/wp.me\/p6RhLt-ibS","jetpack_sharing_enabled":true,"_links":{"self":[{"href":"https:\/\/eldiariodesanpedro.com.ar\/sitio\/wp-json\/wp\/v2\/posts\/69928","targetHints":{"allow":["GET"]}}],"collection":[{"href":"https:\/\/eldiariodesanpedro.com.ar\/sitio\/wp-json\/wp\/v2\/posts"}],"about":[{"href":"https:\/\/eldiariodesanpedro.com.ar\/sitio\/wp-json\/wp\/v2\/types\/post"}],"author":[{"embeddable":true,"href":"https:\/\/eldiariodesanpedro.com.ar\/sitio\/wp-json\/wp\/v2\/users\/4"}],"replies":[{"embeddable":true,"href":"https:\/\/eldiariodesanpedro.com.ar\/sitio\/wp-json\/wp\/v2\/comments?post=69928"}],"version-history":[{"count":1,"href":"https:\/\/eldiariodesanpedro.com.ar\/sitio\/wp-json\/wp\/v2\/posts\/69928\/revisions"}],"predecessor-version":[{"id":69930,"href":"https:\/\/eldiariodesanpedro.com.ar\/sitio\/wp-json\/wp\/v2\/posts\/69928\/revisions\/69930"}],"wp:featuredmedia":[{"embeddable":true,"href":"https:\/\/eldiariodesanpedro.com.ar\/sitio\/wp-json\/wp\/v2\/media\/69929"}],"wp:attachment":[{"href":"https:\/\/eldiariodesanpedro.com.ar\/sitio\/wp-json\/wp\/v2\/media?parent=69928"}],"wp:term":[{"taxonomy":"category","embeddable":true,"href":"https:\/\/eldiariodesanpedro.com.ar\/sitio\/wp-json\/wp\/v2\/categories?post=69928"},{"taxonomy":"post_tag","embeddable":true,"href":"https:\/\/eldiariodesanpedro.com.ar\/sitio\/wp-json\/wp\/v2\/tags?post=69928"}],"curies":[{"name":"wp","href":"https:\/\/api.w.org\/{rel}","templated":true}]}}