{"id":69925,"date":"2020-03-08T16:03:17","date_gmt":"2020-03-08T19:03:17","guid":{"rendered":"https:\/\/eldiariodesanpedro.com.ar\/sitio\/?p=69925"},"modified":"2020-03-08T16:03:24","modified_gmt":"2020-03-08T19:03:24","slug":"campana-descartan-casos-de-dengue","status":"publish","type":"post","link":"https:\/\/eldiariodesanpedro.com.ar\/sitio\/campana-descartan-casos-de-dengue\/","title":{"rendered":"CAMPANA | Descartan casos de dengue"},"content":{"rendered":"<!-- VideographyWP Plugin Message: Automatic video embedding prevented by plugin options. -->\n\n<p>\n\nLa Subsecretaria de Salud, Eleonora Penovi, inform\u00f3 que \u00abla persona que est\u00e1 ingresada en el hospital, y de la que se est\u00e1 hablando en las redes sociales, no tiene dengue y permanece internada por estudios\u00bb<\/p>\n\n\n\n<p>La subsecretaria de Salud del Municipio, Eleonora Penovi, desminti\u00f3 la existencia de casos de Dengue en Campana luego de que circularan falsas versiones al respecto. La funcionaria explic\u00f3 que \u00abla persona que est\u00e1 ingresada en el hospital, que se est\u00e1 hablando en las redes sociales, no tiene Dengue. Es un caso negativo. Permanece internada por estudios.\u00bb<\/p>\n\n\n\n<p>Reclam\u00f3 \u00abantes de referirse a este tipo de informaci\u00f3n, recurran a fuentes fidedignas\u00bb. Y, en relaci\u00f3n a ello, asegur\u00f3 que \u00absi hubiese un caso positivo, lo sabr\u00e1n oficialmente a trav\u00e9s de la Secretar\u00eda de Salud\u00bb.<\/p>\n\n\n\n<p>Desde el 1 de enero a la fecha se estudiaron un total de 11 pacientes con resultados tambi\u00e9n negativos en Campana y existe otro caso sospechoso con dos pruebas de laboratorios positivas y una negativa. \u00abHicimos un estudio de mayor complejidad para confirmarlo. No obstante, ya est\u00e1 curado\u00bb, agreg\u00f3.<\/p>\n\n\n\n<p>\u00abHabr\u00e1 casos de Dengue mientras siga el calor. Por ello, es clave la prevenci\u00f3n. No tenemos casos aut\u00f3ctonos ni pacientes internados por lo que decir que en Campana hay Dengue no es cierto\u00bb, cerr\u00f3 Penovi.<\/p>\n\n\n\n<p>Fuente: Campana Noticias<\/p>\n","protected":false},"excerpt":{"rendered":"<p>La Subsecretaria de Salud, Eleonora Penovi, inform\u00f3 que \u00abla persona que est\u00e1 ingresada en el hospital, y de la que se est\u00e1 hablando en las redes sociales, no tiene dengue y permanece internada por estudios\u00bb La subsecretaria de Salud del Municipio, Eleonora Penovi, desminti\u00f3 la existencia de casos de Dengue en Campana luego de que [&hellip;]<\/p>\n","protected":false},"author":4,"featured_media":69926,"comment_status":"open","ping_status":"closed","sticky":false,"template":"","format":"standard","meta":{"om_disable_all_campaigns":false,"_jetpack_memberships_contains_paid_content":false,"footnotes":""},"categories":[621],"tags":[],"class_list":["post-69925","post","type-post","status-publish","format-standard","has-post-thumbnail","hentry","category-regionales"],"aioseo_notices":[],"gutentor_comment":0,"jetpack_featured_media_url":"https:\/\/eldiariodesanpedro.com.ar\/sitio\/wp-content\/uploads\/2020\/03\/dengue_1.jpg","jetpack_shortlink":"https:\/\/wp.me\/p6RhLt-ibP","jetpack_sharing_enabled":true,"_links":{"self":[{"href":"https:\/\/eldiariodesanpedro.com.ar\/sitio\/wp-json\/wp\/v2\/posts\/69925","targetHints":{"allow":["GET"]}}],"collection":[{"href":"https:\/\/eldiariodesanpedro.com.ar\/sitio\/wp-json\/wp\/v2\/posts"}],"about":[{"href":"https:\/\/eldiariodesanpedro.com.ar\/sitio\/wp-json\/wp\/v2\/types\/post"}],"author":[{"embeddable":true,"href":"https:\/\/eldiariodesanpedro.com.ar\/sitio\/wp-json\/wp\/v2\/users\/4"}],"replies":[{"embeddable":true,"href":"https:\/\/eldiariodesanpedro.com.ar\/sitio\/wp-json\/wp\/v2\/comments?post=69925"}],"version-history":[{"count":1,"href":"https:\/\/eldiariodesanpedro.com.ar\/sitio\/wp-json\/wp\/v2\/posts\/69925\/revisions"}],"predecessor-version":[{"id":69927,"href":"https:\/\/eldiariodesanpedro.com.ar\/sitio\/wp-json\/wp\/v2\/posts\/69925\/revisions\/69927"}],"wp:featuredmedia":[{"embeddable":true,"href":"https:\/\/eldiariodesanpedro.com.ar\/sitio\/wp-json\/wp\/v2\/media\/69926"}],"wp:attachment":[{"href":"https:\/\/eldiariodesanpedro.com.ar\/sitio\/wp-json\/wp\/v2\/media?parent=69925"}],"wp:term":[{"taxonomy":"category","embeddable":true,"href":"https:\/\/eldiariodesanpedro.com.ar\/sitio\/wp-json\/wp\/v2\/categories?post=69925"},{"taxonomy":"post_tag","embeddable":true,"href":"https:\/\/eldiariodesanpedro.com.ar\/sitio\/wp-json\/wp\/v2\/tags?post=69925"}],"curies":[{"name":"wp","href":"https:\/\/api.w.org\/{rel}","templated":true}]}}