{"id":69922,"date":"2020-03-08T15:59:12","date_gmt":"2020-03-08T18:59:12","guid":{"rendered":"https:\/\/eldiariodesanpedro.com.ar\/sitio\/?p=69922"},"modified":"2020-03-08T15:59:19","modified_gmt":"2020-03-08T18:59:19","slug":"arrecifes-empleado-municipal-fue-atropellado-mientras-trabajaba","status":"publish","type":"post","link":"https:\/\/eldiariodesanpedro.com.ar\/sitio\/arrecifes-empleado-municipal-fue-atropellado-mientras-trabajaba\/","title":{"rendered":"ARRECIFES | Empleado municipal fue atropellado mientras trabajaba"},"content":{"rendered":"<!-- VideographyWP Plugin Message: Automatic video embedding prevented by plugin options. -->\n\n<p>\n\nFue el s\u00e1bado por la ma\u00f1ana. Sufri\u00f3 fracturas tras ser embestido por un motociclista cuando realizada tareas de limpieza en plena Avenida.<\/p>\n\n\n\n<p>En la ma\u00f1ana de este s\u00e1bado se produjo un incidente de tr\u00e1nsito en la esquina de Avenida Belgrano y Santiago H. P\u00e9rez.<\/p>\n\n\n\n<p>All\u00ed, un trabajador municipal que se encontraba realizando limpieza de calles fue embestido por un veh\u00edculo que transitaba por la avenida.<\/p>\n\n\n\n<p>El hombre fue trasladado al Hospital Municipal con fracturas y estar\u00eda fuera de peligro.<\/p>\n\n\n\n<p>Fuemte: Arrecifes Noticias<\/p>\n","protected":false},"excerpt":{"rendered":"<p>Fue el s\u00e1bado por la ma\u00f1ana. Sufri\u00f3 fracturas tras ser embestido por un motociclista cuando realizada tareas de limpieza en plena Avenida. En la ma\u00f1ana de este s\u00e1bado se produjo un incidente de tr\u00e1nsito en la esquina de Avenida Belgrano y Santiago H. P\u00e9rez. All\u00ed, un trabajador municipal que se encontraba realizando limpieza de calles [&hellip;]<\/p>\n","protected":false},"author":4,"featured_media":69923,"comment_status":"open","ping_status":"closed","sticky":false,"template":"","format":"standard","meta":{"om_disable_all_campaigns":false,"_jetpack_memberships_contains_paid_content":false,"footnotes":""},"categories":[621],"tags":[],"class_list":["post-69922","post","type-post","status-publish","format-standard","has-post-thumbnail","hentry","category-regionales"],"aioseo_notices":[],"gutentor_comment":0,"jetpack_featured_media_url":"https:\/\/eldiariodesanpedro.com.ar\/sitio\/wp-content\/uploads\/2020\/03\/arrecifes_28.jpg","jetpack_shortlink":"https:\/\/wp.me\/p6RhLt-ibM","jetpack_sharing_enabled":true,"_links":{"self":[{"href":"https:\/\/eldiariodesanpedro.com.ar\/sitio\/wp-json\/wp\/v2\/posts\/69922","targetHints":{"allow":["GET"]}}],"collection":[{"href":"https:\/\/eldiariodesanpedro.com.ar\/sitio\/wp-json\/wp\/v2\/posts"}],"about":[{"href":"https:\/\/eldiariodesanpedro.com.ar\/sitio\/wp-json\/wp\/v2\/types\/post"}],"author":[{"embeddable":true,"href":"https:\/\/eldiariodesanpedro.com.ar\/sitio\/wp-json\/wp\/v2\/users\/4"}],"replies":[{"embeddable":true,"href":"https:\/\/eldiariodesanpedro.com.ar\/sitio\/wp-json\/wp\/v2\/comments?post=69922"}],"version-history":[{"count":1,"href":"https:\/\/eldiariodesanpedro.com.ar\/sitio\/wp-json\/wp\/v2\/posts\/69922\/revisions"}],"predecessor-version":[{"id":69924,"href":"https:\/\/eldiariodesanpedro.com.ar\/sitio\/wp-json\/wp\/v2\/posts\/69922\/revisions\/69924"}],"wp:featuredmedia":[{"embeddable":true,"href":"https:\/\/eldiariodesanpedro.com.ar\/sitio\/wp-json\/wp\/v2\/media\/69923"}],"wp:attachment":[{"href":"https:\/\/eldiariodesanpedro.com.ar\/sitio\/wp-json\/wp\/v2\/media?parent=69922"}],"wp:term":[{"taxonomy":"category","embeddable":true,"href":"https:\/\/eldiariodesanpedro.com.ar\/sitio\/wp-json\/wp\/v2\/categories?post=69922"},{"taxonomy":"post_tag","embeddable":true,"href":"https:\/\/eldiariodesanpedro.com.ar\/sitio\/wp-json\/wp\/v2\/tags?post=69922"}],"curies":[{"name":"wp","href":"https:\/\/api.w.org\/{rel}","templated":true}]}}