{"id":69919,"date":"2020-03-08T15:57:35","date_gmt":"2020-03-08T18:57:35","guid":{"rendered":"https:\/\/eldiariodesanpedro.com.ar\/sitio\/?p=69919"},"modified":"2020-03-08T15:57:42","modified_gmt":"2020-03-08T18:57:42","slug":"san-nicolas-secuestraron-25-plantas-de-marihuana-en-un-domicilio-en-pleno-centro-en-san-nicolas","status":"publish","type":"post","link":"https:\/\/eldiariodesanpedro.com.ar\/sitio\/san-nicolas-secuestraron-25-plantas-de-marihuana-en-un-domicilio-en-pleno-centro-en-san-nicolas\/","title":{"rendered":"SAN NICOL\u00c1S | Secuestraron 25 plantas de marihuana en un domicilio en pleno centro en San Nicol\u00e1s"},"content":{"rendered":"<!-- VideographyWP Plugin Message: Automatic video embedding prevented by plugin options. -->\n\n<p>\n\nEl propietario de la vivienda fue denunciado por vecinos. El joven aprehendido delcar\u00f3 en Fiscal\u00eda y recuper\u00f3 la libertad<\/p>\n\n\n\n<p>En horas de la tarde del viernes, alrededor de las 15:00, personal de la Polic\u00eda Federal junto a la Fiscal\u00eda 1 a cargo de la Dra Ver\u00f3nica Marcantonio, realizaron un allanamiento en pleno centro.<\/p>\n\n\n\n<p>Trascendi\u00f3 extraoficialmente que la diligencia se concret\u00f3 en un domicilio de calle Naci\u00f3n entre Francia y Urquiza, tras recibir varias denuncias por parte de vecinos.<\/p>\n\n\n\n<p>El allanamiento fue positivo. Se secuestraron 25 plantas de cannabis, de 2 metros cada una.<\/p>\n\n\n\n<p>Tambi\u00e9n fue aprehendido el joven que vive en el domicilio y tras prestar declaracion qued\u00f3 en libertad horas despu\u00e9s. Se labraron actuaciones por Tenencia Simple.<\/p>\n\n\n\n<p>Fuente: Diario El Informante<\/p>\n","protected":false},"excerpt":{"rendered":"<p>El propietario de la vivienda fue denunciado por vecinos. El joven aprehendido delcar\u00f3 en Fiscal\u00eda y recuper\u00f3 la libertad En horas de la tarde del viernes, alrededor de las 15:00, personal de la Polic\u00eda Federal junto a la Fiscal\u00eda 1 a cargo de la Dra Ver\u00f3nica Marcantonio, realizaron un allanamiento en pleno centro. Trascendi\u00f3 extraoficialmente [&hellip;]<\/p>\n","protected":false},"author":4,"featured_media":69920,"comment_status":"open","ping_status":"closed","sticky":false,"template":"","format":"standard","meta":{"om_disable_all_campaigns":false,"_jetpack_memberships_contains_paid_content":false,"footnotes":""},"categories":[621],"tags":[],"class_list":["post-69919","post","type-post","status-publish","format-standard","has-post-thumbnail","hentry","category-regionales"],"aioseo_notices":[],"gutentor_comment":0,"jetpack_featured_media_url":"https:\/\/eldiariodesanpedro.com.ar\/sitio\/wp-content\/uploads\/2020\/03\/san_nicolas_49.jpg","jetpack_shortlink":"https:\/\/wp.me\/p6RhLt-ibJ","jetpack_sharing_enabled":true,"_links":{"self":[{"href":"https:\/\/eldiariodesanpedro.com.ar\/sitio\/wp-json\/wp\/v2\/posts\/69919","targetHints":{"allow":["GET"]}}],"collection":[{"href":"https:\/\/eldiariodesanpedro.com.ar\/sitio\/wp-json\/wp\/v2\/posts"}],"about":[{"href":"https:\/\/eldiariodesanpedro.com.ar\/sitio\/wp-json\/wp\/v2\/types\/post"}],"author":[{"embeddable":true,"href":"https:\/\/eldiariodesanpedro.com.ar\/sitio\/wp-json\/wp\/v2\/users\/4"}],"replies":[{"embeddable":true,"href":"https:\/\/eldiariodesanpedro.com.ar\/sitio\/wp-json\/wp\/v2\/comments?post=69919"}],"version-history":[{"count":1,"href":"https:\/\/eldiariodesanpedro.com.ar\/sitio\/wp-json\/wp\/v2\/posts\/69919\/revisions"}],"predecessor-version":[{"id":69921,"href":"https:\/\/eldiariodesanpedro.com.ar\/sitio\/wp-json\/wp\/v2\/posts\/69919\/revisions\/69921"}],"wp:featuredmedia":[{"embeddable":true,"href":"https:\/\/eldiariodesanpedro.com.ar\/sitio\/wp-json\/wp\/v2\/media\/69920"}],"wp:attachment":[{"href":"https:\/\/eldiariodesanpedro.com.ar\/sitio\/wp-json\/wp\/v2\/media?parent=69919"}],"wp:term":[{"taxonomy":"category","embeddable":true,"href":"https:\/\/eldiariodesanpedro.com.ar\/sitio\/wp-json\/wp\/v2\/categories?post=69919"},{"taxonomy":"post_tag","embeddable":true,"href":"https:\/\/eldiariodesanpedro.com.ar\/sitio\/wp-json\/wp\/v2\/tags?post=69919"}],"curies":[{"name":"wp","href":"https:\/\/api.w.org\/{rel}","templated":true}]}}