{"id":69898,"date":"2020-03-07T11:35:11","date_gmt":"2020-03-07T14:35:11","guid":{"rendered":"https:\/\/eldiariodesanpedro.com.ar\/sitio\/?p=69898"},"modified":"2020-03-07T11:35:16","modified_gmt":"2020-03-07T14:35:16","slug":"usurpacion-barrio-fonavi","status":"publish","type":"post","link":"https:\/\/eldiariodesanpedro.com.ar\/sitio\/usurpacion-barrio-fonavi\/","title":{"rendered":"USURPACI\u00d3N: Barrio Fonavi"},"content":{"rendered":"<!-- VideographyWP Plugin Message: Automatic video embedding prevented by plugin options. -->\n\n<p>Lo denunci\u00f3 su propietario luego de ausentarse por problemas de salud por seis meses.<br><\/p>\n\n\n\n<p>El hecho se radic\u00f3 en la comisar\u00eda local cuando un hombre de 44 a\u00f1os de edad denunci\u00f3 que su morada fue usurpada citada en el barrio Fonavi domicilio Nieto de Torres entre Ituzaing\u00f3 y Belgrano.<br><\/p>\n\n\n\n<p>El denunciante se habr\u00eda ausentado por 6 meses por rehabilitaci\u00f3n, al regresar no pudo situarse en su vivienda.<\/p>\n\n\n\n<p>Se labraron actuaciones con la fiscalia N\u00ba11 de la Dr Ramos.<\/p>\n\n\n\n<p><\/p>\n","protected":false},"excerpt":{"rendered":"<p>Lo denunci\u00f3 su propietario luego de ausentarse por problemas de salud por seis meses. El hecho se radic\u00f3 en la comisar\u00eda local cuando un hombre de 44 a\u00f1os de edad denunci\u00f3 que su morada fue usurpada citada en el barrio Fonavi domicilio Nieto de Torres entre Ituzaing\u00f3 y Belgrano. El denunciante se habr\u00eda ausentado por [&hellip;]<\/p>\n","protected":false},"author":4,"featured_media":67671,"comment_status":"open","ping_status":"closed","sticky":false,"template":"","format":"standard","meta":{"om_disable_all_campaigns":false,"_jetpack_memberships_contains_paid_content":false,"footnotes":""},"categories":[2,103],"tags":[],"class_list":["post-69898","post","type-post","status-publish","format-standard","has-post-thumbnail","hentry","category-locales","category-policiales-locales"],"aioseo_notices":[],"gutentor_comment":0,"jetpack_featured_media_url":"https:\/\/eldiariodesanpedro.com.ar\/sitio\/wp-content\/uploads\/2020\/01\/patrullero-policia-2.jpg","jetpack_shortlink":"https:\/\/wp.me\/p6RhLt-ibo","jetpack_sharing_enabled":true,"_links":{"self":[{"href":"https:\/\/eldiariodesanpedro.com.ar\/sitio\/wp-json\/wp\/v2\/posts\/69898","targetHints":{"allow":["GET"]}}],"collection":[{"href":"https:\/\/eldiariodesanpedro.com.ar\/sitio\/wp-json\/wp\/v2\/posts"}],"about":[{"href":"https:\/\/eldiariodesanpedro.com.ar\/sitio\/wp-json\/wp\/v2\/types\/post"}],"author":[{"embeddable":true,"href":"https:\/\/eldiariodesanpedro.com.ar\/sitio\/wp-json\/wp\/v2\/users\/4"}],"replies":[{"embeddable":true,"href":"https:\/\/eldiariodesanpedro.com.ar\/sitio\/wp-json\/wp\/v2\/comments?post=69898"}],"version-history":[{"count":1,"href":"https:\/\/eldiariodesanpedro.com.ar\/sitio\/wp-json\/wp\/v2\/posts\/69898\/revisions"}],"predecessor-version":[{"id":69899,"href":"https:\/\/eldiariodesanpedro.com.ar\/sitio\/wp-json\/wp\/v2\/posts\/69898\/revisions\/69899"}],"wp:featuredmedia":[{"embeddable":true,"href":"https:\/\/eldiariodesanpedro.com.ar\/sitio\/wp-json\/wp\/v2\/media\/67671"}],"wp:attachment":[{"href":"https:\/\/eldiariodesanpedro.com.ar\/sitio\/wp-json\/wp\/v2\/media?parent=69898"}],"wp:term":[{"taxonomy":"category","embeddable":true,"href":"https:\/\/eldiariodesanpedro.com.ar\/sitio\/wp-json\/wp\/v2\/categories?post=69898"},{"taxonomy":"post_tag","embeddable":true,"href":"https:\/\/eldiariodesanpedro.com.ar\/sitio\/wp-json\/wp\/v2\/tags?post=69898"}],"curies":[{"name":"wp","href":"https:\/\/api.w.org\/{rel}","templated":true}]}}