{"id":69895,"date":"2020-03-07T09:54:58","date_gmt":"2020-03-07T12:54:58","guid":{"rendered":"https:\/\/eldiariodesanpedro.com.ar\/sitio\/?p=69895"},"modified":"2020-03-07T09:55:03","modified_gmt":"2020-03-07T12:55:03","slug":"hoy-frutos-de-la-tierra-y-el-rio-en-san-pedro-ba","status":"publish","type":"post","link":"https:\/\/eldiariodesanpedro.com.ar\/sitio\/hoy-frutos-de-la-tierra-y-el-rio-en-san-pedro-ba\/","title":{"rendered":"Hoy \u201cFrutos de la tierra y el r\u00edo\u201d en San Pedro (BA)"},"content":{"rendered":"<!-- VideographyWP Plugin Message: Automatic video embedding prevented by plugin options. -->\n\n<p><strong><em>Desde las 10, estar\u00e1 funcionando frente a la \u00abPlaza Constituci\u00f3n\u00bb la reconocida feria que integra productores de los partidos de San Pedro y Baradero. Habr\u00e1 acto de inauguraci\u00f3n, nuevos puestos y productos, con la presentaci\u00f3n especial de innovaciones locales para que San Pedro siga destac\u00e1ndose.<\/em><\/strong><\/p>\n\n\n\n<p>Es el octavo a\u00f1o de la Feria que ya es un cl\u00e1sico para la ciudad y propone el encuentro de los agricultores familiares locales con los consumidores. Este a\u00f1o se repetir\u00e1 en abril, mayo, julio, septiembre y noviembre. Si bien en la semana conoceremos el listado final de los expositores, la lista ya supera los 15, entre los que se incluyen las tradicionales hortalizas producidas de manera convencional, y tambi\u00e9n aquellas en las que no ha intervenido ning\u00fan tipo de agroqu\u00edmico, as\u00ed como los plantines, plantas, cactus y crasas a elecci\u00f3n. Habr\u00e1 dulces en frasco, s\u00f3lidos, confituras, miel. Tambi\u00e9n huevos, compost, tejidos.<\/p>\n\n\n\n<p>A las 11 se har\u00e1 el corte de cintas para dar la bienvenida, con la palabra de los responsables de la feria y autoridades invitadas. A continuaci\u00f3n, se har\u00e1n dos presentaciones productivas. Por un lado, el \u201cGrupo de abastecimiento local Ipomea\u201d, lanzar\u00e1 su cuarta campa\u00f1a de batatas sabrosas, lavadas, y sin productos agroqu\u00edmicos. Por el otro, un grupo de viveristas locales asesorados por INTA y que tomaron un microcr\u00e9dito de Fundaci\u00f3n ArgenINTA, presentar\u00e1n un nuevo producto para la zona, como son las flores gerberas que producen en hidroponia. La iniciativa acerca un producto local que hasta ahora no era t\u00edpico en la zona, como las flores de corte, en una especie que va consolid\u00e1ndose entre las m\u00e1s elegidas, por su impactante intensidad, porte elegante y duraci\u00f3n.<\/p>\n\n\n\n<p>En la semana se ir\u00e1n sumando novedades sobre la feria que ser\u00e1n publicadas en sus redes sociales, pero la cita queda hecha para el s\u00e1bado 7 de marzo, de 10 a 19 horas en Hip\u00f3lito Yrigoyen entre Mitre y Pellegrini, de la ciudad de San Pedro (Buenos Aires). <\/p>\n\n\n\n<p><\/p>\n","protected":false},"excerpt":{"rendered":"<p>Desde las 10, estar\u00e1 funcionando frente a la \u00abPlaza Constituci\u00f3n\u00bb la reconocida feria que integra productores de los partidos de San Pedro y Baradero. Habr\u00e1 acto de inauguraci\u00f3n, nuevos puestos y productos, con la presentaci\u00f3n especial de innovaciones locales para que San Pedro siga destac\u00e1ndose. Es el octavo a\u00f1o de la Feria que ya es [&hellip;]<\/p>\n","protected":false},"author":4,"featured_media":69896,"comment_status":"open","ping_status":"closed","sticky":false,"template":"","format":"standard","meta":{"om_disable_all_campaigns":false,"_jetpack_memberships_contains_paid_content":false,"footnotes":""},"categories":[101,2],"tags":[],"class_list":["post-69895","post","type-post","status-publish","format-standard","has-post-thumbnail","hentry","category-interes-general-locales","category-locales"],"aioseo_notices":[],"gutentor_comment":0,"jetpack_featured_media_url":"https:\/\/eldiariodesanpedro.com.ar\/sitio\/wp-content\/uploads\/2020\/03\/unnamed-1.png","jetpack_shortlink":"https:\/\/wp.me\/p6RhLt-ibl","jetpack_sharing_enabled":true,"_links":{"self":[{"href":"https:\/\/eldiariodesanpedro.com.ar\/sitio\/wp-json\/wp\/v2\/posts\/69895","targetHints":{"allow":["GET"]}}],"collection":[{"href":"https:\/\/eldiariodesanpedro.com.ar\/sitio\/wp-json\/wp\/v2\/posts"}],"about":[{"href":"https:\/\/eldiariodesanpedro.com.ar\/sitio\/wp-json\/wp\/v2\/types\/post"}],"author":[{"embeddable":true,"href":"https:\/\/eldiariodesanpedro.com.ar\/sitio\/wp-json\/wp\/v2\/users\/4"}],"replies":[{"embeddable":true,"href":"https:\/\/eldiariodesanpedro.com.ar\/sitio\/wp-json\/wp\/v2\/comments?post=69895"}],"version-history":[{"count":1,"href":"https:\/\/eldiariodesanpedro.com.ar\/sitio\/wp-json\/wp\/v2\/posts\/69895\/revisions"}],"predecessor-version":[{"id":69897,"href":"https:\/\/eldiariodesanpedro.com.ar\/sitio\/wp-json\/wp\/v2\/posts\/69895\/revisions\/69897"}],"wp:featuredmedia":[{"embeddable":true,"href":"https:\/\/eldiariodesanpedro.com.ar\/sitio\/wp-json\/wp\/v2\/media\/69896"}],"wp:attachment":[{"href":"https:\/\/eldiariodesanpedro.com.ar\/sitio\/wp-json\/wp\/v2\/media?parent=69895"}],"wp:term":[{"taxonomy":"category","embeddable":true,"href":"https:\/\/eldiariodesanpedro.com.ar\/sitio\/wp-json\/wp\/v2\/categories?post=69895"},{"taxonomy":"post_tag","embeddable":true,"href":"https:\/\/eldiariodesanpedro.com.ar\/sitio\/wp-json\/wp\/v2\/tags?post=69895"}],"curies":[{"name":"wp","href":"https:\/\/api.w.org\/{rel}","templated":true}]}}