{"id":69890,"date":"2020-03-07T09:49:23","date_gmt":"2020-03-07T12:49:23","guid":{"rendered":"https:\/\/eldiariodesanpedro.com.ar\/sitio\/?p=69890"},"modified":"2020-03-07T09:49:30","modified_gmt":"2020-03-07T12:49:30","slug":"san-pedro-en-expoagro-2020","status":"publish","type":"post","link":"https:\/\/eldiariodesanpedro.com.ar\/sitio\/san-pedro-en-expoagro-2020\/","title":{"rendered":"San Pedro en Expoagro 2020"},"content":{"rendered":"<!-- VideographyWP Plugin Message: Automatic video embedding prevented by plugin options. -->\n\n<p>Desde el martes 10, la Municipalidad de San Pedro estar\u00e1 presente en el stand N\u00b01162 de Expoagro 2020, en el Predio Ferial del Aut\u00f3dromo de San Nicol\u00e1s. Hace m\u00e1s de dos meses&nbsp;la Secretar\u00eda de Desarrollo Econ\u00f3mico viene trabajando en la coordinaci\u00f3n de las actividades y en los preparativos para el montaje del stand que reunir\u00e1 a instituciones, entidades, empresas, comerciantes y prestadores de servicios relacionados con la producci\u00f3n.&nbsp;&nbsp;<\/p>\n\n\n\n<figure class=\"wp-block-image size-large\"><img decoding=\"async\" width=\"1024\" height=\"293\" data-attachment-id=\"69891\" data-permalink=\"https:\/\/eldiariodesanpedro.com.ar\/sitio\/san-pedro-en-expoagro-2020\/mapahome-7\/\" data-orig-file=\"https:\/\/eldiariodesanpedro.com.ar\/sitio\/wp-content\/uploads\/2020\/03\/mapahome-7.jpg\" data-orig-size=\"1366,391\" data-comments-opened=\"1\" data-image-meta=\"{&quot;aperture&quot;:&quot;0&quot;,&quot;credit&quot;:&quot;&quot;,&quot;camera&quot;:&quot;&quot;,&quot;caption&quot;:&quot;&quot;,&quot;created_timestamp&quot;:&quot;0&quot;,&quot;copyright&quot;:&quot;&quot;,&quot;focal_length&quot;:&quot;0&quot;,&quot;iso&quot;:&quot;0&quot;,&quot;shutter_speed&quot;:&quot;0&quot;,&quot;title&quot;:&quot;&quot;,&quot;orientation&quot;:&quot;0&quot;}\" data-image-title=\"mapahome-7\" data-image-description=\"\" data-image-caption=\"\" data-large-file=\"https:\/\/eldiariodesanpedro.com.ar\/sitio\/wp-content\/uploads\/2020\/03\/mapahome-7-1024x293.jpg\" data-src=\"https:\/\/eldiariodesanpedro.com.ar\/sitio\/wp-content\/uploads\/2020\/03\/mapahome-7-1024x293.jpg\" alt=\"\" class=\"wp-image-69891 lazyload\" data-srcset=\"https:\/\/eldiariodesanpedro.com.ar\/sitio\/wp-content\/uploads\/2020\/03\/mapahome-7-1024x293.jpg 1024w, https:\/\/eldiariodesanpedro.com.ar\/sitio\/wp-content\/uploads\/2020\/03\/mapahome-7-300x86.jpg 300w, https:\/\/eldiariodesanpedro.com.ar\/sitio\/wp-content\/uploads\/2020\/03\/mapahome-7-768x220.jpg 768w, https:\/\/eldiariodesanpedro.com.ar\/sitio\/wp-content\/uploads\/2020\/03\/mapahome-7.jpg 1366w\" data-sizes=\"(max-width: 1024px) 100vw, 1024px\" src=\"data:image\/svg+xml;base64,PHN2ZyB3aWR0aD0iMSIgaGVpZ2h0PSIxIiB4bWxucz0iaHR0cDovL3d3dy53My5vcmcvMjAwMC9zdmciPjwvc3ZnPg==\" style=\"--smush-placeholder-width: 1024px; --smush-placeholder-aspect-ratio: 1024\/293;\" \/><\/figure>\n\n\n\n<p><br>Habr\u00e1 degustaciones de productos de la regi\u00f3n, con jugos, dulces y miel y en la carpa institucional montada,&nbsp;&nbsp;se planifican diferentes charlas y reuniones y entidades de otras ciudades, representantes locales estar\u00e1n all\u00ed todos los d\u00edas y se espera la llegada de funcionarios de otras ciudades.<br><br>Se dar\u00e1 a conocer en breve la agenda de cada d\u00eda con charlas de algunas de las instituciones productivas participantes, sobre fruticultura, HLB, producci\u00f3n de batatas, producci\u00f3n de plantines y como una de las propuestas m\u00e1s destacadas, la presentaci\u00f3n del proyecto de producci\u00f3n local de rosas libres de virus. Adem\u00e1s se aprovechar\u00e1 la importante presencia de p\u00fablico de diferentes puntos del pa\u00eds para realizar una promoci\u00f3n tur\u00edstica y cultural de la ciudad.&nbsp;<br><br>Entre otros participar\u00e1n la ONG Frutos de la Tierra y El R\u00edo con sus productores, INTA San Pedro, CAPROEM, la C\u00e1mara de Viveristas, Dulces el Brocal, San Pedro Alimentos SRL para Dulces el Gur\u00ed, Arco de Oro y Cooperativa Blas\u00f3n, entre otros. En el comienzo de la semana se dar\u00e1 a conocer la agenda del stand con todas sus actividades.<\/p>\n","protected":false},"excerpt":{"rendered":"<p>Desde el martes 10, la Municipalidad de San Pedro estar\u00e1 presente en el stand N\u00b01162 de Expoagro 2020, en el Predio Ferial del Aut\u00f3dromo de San Nicol\u00e1s. Hace m\u00e1s de dos meses&nbsp;la Secretar\u00eda de Desarrollo Econ\u00f3mico viene trabajando en la coordinaci\u00f3n de las actividades y en los preparativos para el montaje del stand que reunir\u00e1 [&hellip;]<\/p>\n","protected":false},"author":4,"featured_media":69892,"comment_status":"open","ping_status":"closed","sticky":false,"template":"","format":"standard","meta":{"om_disable_all_campaigns":false,"_jetpack_memberships_contains_paid_content":false,"footnotes":""},"categories":[101,2],"tags":[],"class_list":["post-69890","post","type-post","status-publish","format-standard","has-post-thumbnail","hentry","category-interes-general-locales","category-locales"],"aioseo_notices":[],"gutentor_comment":0,"jetpack_featured_media_url":"https:\/\/eldiariodesanpedro.com.ar\/sitio\/wp-content\/uploads\/2020\/03\/40426393563_71794fc4da_b.jpg","jetpack_shortlink":"https:\/\/wp.me\/p6RhLt-ibg","jetpack_sharing_enabled":true,"_links":{"self":[{"href":"https:\/\/eldiariodesanpedro.com.ar\/sitio\/wp-json\/wp\/v2\/posts\/69890","targetHints":{"allow":["GET"]}}],"collection":[{"href":"https:\/\/eldiariodesanpedro.com.ar\/sitio\/wp-json\/wp\/v2\/posts"}],"about":[{"href":"https:\/\/eldiariodesanpedro.com.ar\/sitio\/wp-json\/wp\/v2\/types\/post"}],"author":[{"embeddable":true,"href":"https:\/\/eldiariodesanpedro.com.ar\/sitio\/wp-json\/wp\/v2\/users\/4"}],"replies":[{"embeddable":true,"href":"https:\/\/eldiariodesanpedro.com.ar\/sitio\/wp-json\/wp\/v2\/comments?post=69890"}],"version-history":[{"count":2,"href":"https:\/\/eldiariodesanpedro.com.ar\/sitio\/wp-json\/wp\/v2\/posts\/69890\/revisions"}],"predecessor-version":[{"id":69894,"href":"https:\/\/eldiariodesanpedro.com.ar\/sitio\/wp-json\/wp\/v2\/posts\/69890\/revisions\/69894"}],"wp:featuredmedia":[{"embeddable":true,"href":"https:\/\/eldiariodesanpedro.com.ar\/sitio\/wp-json\/wp\/v2\/media\/69892"}],"wp:attachment":[{"href":"https:\/\/eldiariodesanpedro.com.ar\/sitio\/wp-json\/wp\/v2\/media?parent=69890"}],"wp:term":[{"taxonomy":"category","embeddable":true,"href":"https:\/\/eldiariodesanpedro.com.ar\/sitio\/wp-json\/wp\/v2\/categories?post=69890"},{"taxonomy":"post_tag","embeddable":true,"href":"https:\/\/eldiariodesanpedro.com.ar\/sitio\/wp-json\/wp\/v2\/tags?post=69890"}],"curies":[{"name":"wp","href":"https:\/\/api.w.org\/{rel}","templated":true}]}}