{"id":69884,"date":"2020-03-07T09:40:32","date_gmt":"2020-03-07T12:40:32","guid":{"rendered":"https:\/\/eldiariodesanpedro.com.ar\/sitio\/?p=69884"},"modified":"2020-03-07T09:40:43","modified_gmt":"2020-03-07T12:40:43","slug":"el-titular-de-la-anses-expreso-su-decision-de-fomentar-y-profundizar-una-politica-contra-la-injusticia-y-la-discriminacion-de-genero","status":"publish","type":"post","link":"https:\/\/eldiariodesanpedro.com.ar\/sitio\/el-titular-de-la-anses-expreso-su-decision-de-fomentar-y-profundizar-una-politica-contra-la-injusticia-y-la-discriminacion-de-genero\/","title":{"rendered":"El titular de la ANSES expres\u00f3 su decisi\u00f3n de \u201cfomentar y profundizar una pol\u00edtica contra la injusticia y la discriminaci\u00f3n de g\u00e9nero\u00bb"},"content":{"rendered":"<!-- VideographyWP Plugin Message: Automatic video embedding prevented by plugin options. -->\n\n<p>&nbsp;<strong>Alejandro Vanoli<\/strong>, expres\u00f3 hoy su decisi\u00f3n de \u201c<em>fomentar y profundizar una pol\u00edtica contra la injusticia y la discriminaci\u00f3n de g\u00e9nero<\/em>\u201d durante la apertura de la mesa debate&nbsp;<em>G\u00e9neros, Seguridad Social y Cuidados<\/em>&nbsp;que tuvo lugar en la sede central del organismo.<\/p>\n\n\n\n<p>\u201c<em>Esta jornada tiene mucha significaci\u00f3n porque gracias a la lucha colectiva de las mujeres llegamos a este momento, desde ANSES nos comprometemos con pol\u00edticas p\u00fablicas que generen la real igualdad de oportunidades\u201d<\/em>, dijo&nbsp;<strong>Vanoli.<\/strong>&nbsp;<\/p>\n\n\n\n<p>Asimismo, se refiri\u00f3 a su participaci\u00f3n en la inauguraci\u00f3n del primer lactario del organismo, ubicado en el edificio de Alsina 250 de la Ciudad de Buenos Aires, a trav\u00e9s del cual las madres trabajadoras pueden realizar el procedimiento de extracci\u00f3n de leche materna en condiciones seguras de higiene, conservaci\u00f3n y privacidad.<\/p>\n\n\n\n<p>La finalidad de este programa es dise\u00f1ar, coordinar y aplicar intervenciones con perspectiva de g\u00e9nero tanto al interior del organismo como en las pol\u00edticas de seguridad social que se implementan.<\/p>\n\n\n\n<p>Esta mesa cont\u00f3 con la participaci\u00f3n de la directora nacional de Pol\u00edticas de Cuidado del Ministerio de las Mujeres, G\u00e9neros y Diversidad de la Naci\u00f3n,<strong>&nbsp;Luc\u00eda Cirmi Ob\u00f3n<\/strong>; la directora nacional de Econom\u00eda y G\u00e9nero del Ministerio de Econom\u00eda de la Naci\u00f3n,&nbsp;<strong>Mercedes D\u2019 Alessandro<\/strong>; y por parte de la ANSES, la subdirectora ejecutiva de Prestaciones,&nbsp;<strong>Mar\u00eda Florencia Pacheco<\/strong>; la directora general de Proyectos de Ni\u00f1ez, Adolescencia, Juventud y G\u00e9nero,<strong>&nbsp;Roxana Mazzola<\/strong>, y la trabajadora de la ANSES, militante feminista e integrante de la Campa\u00f1a Nacional por el Derecho al Aborto Legal, Seguro y Gratuito,&nbsp;<strong>Fedra Torcisi<\/strong>.<\/p>\n\n\n\n<p>Durante la presentaci\u00f3n,&nbsp;<strong>Mazzola<\/strong>&nbsp;expres\u00f3: \u201c<em>Las m\u00e1s afectadas por la crisis socioecon\u00f3mica fueron las mujeres trabajadoras, en el empleo remunerado, as\u00ed como tambi\u00e9n en el trabajo no remunerado, aquel que se hace en el hogar. Con respecto a la Seguridad Social, no puede ser que prevalezca solo el asistencialismo, tiene que predominar el derecho\u201d.<\/em><\/p>\n\n\n\n<p><strong>Trabajadoras en Expresi\u00f3n y campa\u00f1a internacional El Banco Rojo<\/strong><\/p>\n\n\n\n<p>Por la tarde,&nbsp;<strong>Vanoli<\/strong>&nbsp;particip\u00f3 de la inauguraci\u00f3n de la muestra&nbsp;<em>Trabajadoras en Expresi\u00f3n<\/em>, que se cre\u00f3 gracias al aporte de las trabajadoras del organismo, quienes recopilaron fotograf\u00edas, pinturas y collages para formar una \u00fanica imagen que est\u00e1 exhibida en la puerta del edificio central de la ANSES (Av. C\u00f3rdoba720).&nbsp;<\/p>\n\n\n\n<p>Posteriormente, el director ejecutivo se hizo presente en la delegaci\u00f3n de la ANSES Pac\u00edfico (ubicada en Avenida Santa Fe 5140), donde estuvieron presentes las y los representantes de ATE para inaugurar&nbsp;<em>El Banco Rojo<\/em>&nbsp;de la campa\u00f1a internacional en memoria de las v\u00edctimas de violencia de g\u00e9nero, femicidios y transfemicidios.<\/p>\n\n\n\n<p><strong>Encuentro con adultos mayores<\/strong><\/p>\n\n\n\n<p>Finalmente,\u00a0<strong>Vanoli<\/strong>\u00a0mantuvo una reuni\u00f3n con referentes de centros de jubilados y pensionados, a los que tambi\u00e9n les present\u00f3 el programa<em>\u00a0G\u00e9neros y Seguridad Social.<\/em><\/p>\n\n\n\n<figure class=\"wp-block-gallery columns-3 is-cropped wp-block-gallery-1 is-layout-flex wp-block-gallery-is-layout-flex\"><ul class=\"blocks-gallery-grid\"><li class=\"blocks-gallery-item\"><figure><img decoding=\"async\" width=\"2560\" height=\"1707\" data-attachment-id=\"69885\" data-permalink=\"https:\/\/eldiariodesanpedro.com.ar\/sitio\/el-titular-de-la-anses-expreso-su-decision-de-fomentar-y-profundizar-una-politica-contra-la-injusticia-y-la-discriminacion-de-genero\/thumb-1\/\" data-orig-file=\"https:\/\/eldiariodesanpedro.com.ar\/sitio\/wp-content\/uploads\/2020\/03\/thumb-1-scaled.jpg\" data-orig-size=\"2560,1707\" data-comments-opened=\"1\" data-image-meta=\"{&quot;aperture&quot;:&quot;0&quot;,&quot;credit&quot;:&quot;&quot;,&quot;camera&quot;:&quot;&quot;,&quot;caption&quot;:&quot;&quot;,&quot;created_timestamp&quot;:&quot;0&quot;,&quot;copyright&quot;:&quot;&quot;,&quot;focal_length&quot;:&quot;0&quot;,&quot;iso&quot;:&quot;0&quot;,&quot;shutter_speed&quot;:&quot;0&quot;,&quot;title&quot;:&quot;&quot;,&quot;orientation&quot;:&quot;0&quot;}\" data-image-title=\"thumb-1\" data-image-description=\"\" data-image-caption=\"\" data-large-file=\"https:\/\/eldiariodesanpedro.com.ar\/sitio\/wp-content\/uploads\/2020\/03\/thumb-1-1024x683.jpg\" data-src=\"https:\/\/i0.wp.com\/eldiariodesanpedro.com.ar\/sitio\/wp-content\/uploads\/2020\/03\/thumb-1-scaled.jpg?fit=640%2C427\" alt=\"\" data-id=\"69885\" data-full-url=\"https:\/\/i0.wp.com\/eldiariodesanpedro.com.ar\/sitio\/wp-content\/uploads\/2020\/03\/thumb-1-scaled.jpg?fit=2560%2C1707\" data-link=\"https:\/\/eldiariodesanpedro.com.ar\/sitio\/?attachment_id=69885\" class=\"wp-image-69885 lazyload\" data-srcset=\"https:\/\/eldiariodesanpedro.com.ar\/sitio\/wp-content\/uploads\/2020\/03\/thumb-1-scaled.jpg 2560w, https:\/\/eldiariodesanpedro.com.ar\/sitio\/wp-content\/uploads\/2020\/03\/thumb-1-300x200.jpg 300w, https:\/\/eldiariodesanpedro.com.ar\/sitio\/wp-content\/uploads\/2020\/03\/thumb-1-1024x683.jpg 1024w, https:\/\/eldiariodesanpedro.com.ar\/sitio\/wp-content\/uploads\/2020\/03\/thumb-1-768x512.jpg 768w, https:\/\/eldiariodesanpedro.com.ar\/sitio\/wp-content\/uploads\/2020\/03\/thumb-1-1536x1024.jpg 1536w, https:\/\/eldiariodesanpedro.com.ar\/sitio\/wp-content\/uploads\/2020\/03\/thumb-1-2048x1365.jpg 2048w\" data-sizes=\"(max-width: 2560px) 100vw, 2560px\" src=\"data:image\/svg+xml;base64,PHN2ZyB3aWR0aD0iMSIgaGVpZ2h0PSIxIiB4bWxucz0iaHR0cDovL3d3dy53My5vcmcvMjAwMC9zdmciPjwvc3ZnPg==\" style=\"--smush-placeholder-width: 2560px; --smush-placeholder-aspect-ratio: 2560\/1707;\" \/><\/figure><\/li><li class=\"blocks-gallery-item\"><figure><img decoding=\"async\" width=\"2560\" height=\"1707\" data-attachment-id=\"69886\" data-permalink=\"https:\/\/eldiariodesanpedro.com.ar\/sitio\/el-titular-de-la-anses-expreso-su-decision-de-fomentar-y-profundizar-una-politica-contra-la-injusticia-y-la-discriminacion-de-genero\/thumb-2-2\/\" data-orig-file=\"https:\/\/eldiariodesanpedro.com.ar\/sitio\/wp-content\/uploads\/2020\/03\/thumb-2-scaled.jpg\" data-orig-size=\"2560,1707\" data-comments-opened=\"1\" data-image-meta=\"{&quot;aperture&quot;:&quot;0&quot;,&quot;credit&quot;:&quot;&quot;,&quot;camera&quot;:&quot;&quot;,&quot;caption&quot;:&quot;&quot;,&quot;created_timestamp&quot;:&quot;0&quot;,&quot;copyright&quot;:&quot;&quot;,&quot;focal_length&quot;:&quot;0&quot;,&quot;iso&quot;:&quot;0&quot;,&quot;shutter_speed&quot;:&quot;0&quot;,&quot;title&quot;:&quot;&quot;,&quot;orientation&quot;:&quot;0&quot;}\" data-image-title=\"thumb-2\" data-image-description=\"\" data-image-caption=\"\" data-large-file=\"https:\/\/eldiariodesanpedro.com.ar\/sitio\/wp-content\/uploads\/2020\/03\/thumb-2-1024x683.jpg\" data-src=\"https:\/\/i1.wp.com\/eldiariodesanpedro.com.ar\/sitio\/wp-content\/uploads\/2020\/03\/thumb-2-scaled.jpg?fit=640%2C427\" alt=\"\" data-id=\"69886\" data-full-url=\"https:\/\/i1.wp.com\/eldiariodesanpedro.com.ar\/sitio\/wp-content\/uploads\/2020\/03\/thumb-2-scaled.jpg?fit=2560%2C1707\" data-link=\"https:\/\/eldiariodesanpedro.com.ar\/sitio\/?attachment_id=69886\" class=\"wp-image-69886 lazyload\" data-srcset=\"https:\/\/eldiariodesanpedro.com.ar\/sitio\/wp-content\/uploads\/2020\/03\/thumb-2-scaled.jpg 2560w, https:\/\/eldiariodesanpedro.com.ar\/sitio\/wp-content\/uploads\/2020\/03\/thumb-2-300x200.jpg 300w, https:\/\/eldiariodesanpedro.com.ar\/sitio\/wp-content\/uploads\/2020\/03\/thumb-2-1024x683.jpg 1024w, https:\/\/eldiariodesanpedro.com.ar\/sitio\/wp-content\/uploads\/2020\/03\/thumb-2-768x512.jpg 768w, https:\/\/eldiariodesanpedro.com.ar\/sitio\/wp-content\/uploads\/2020\/03\/thumb-2-1536x1024.jpg 1536w, https:\/\/eldiariodesanpedro.com.ar\/sitio\/wp-content\/uploads\/2020\/03\/thumb-2-2048x1365.jpg 2048w\" data-sizes=\"(max-width: 2560px) 100vw, 2560px\" src=\"data:image\/svg+xml;base64,PHN2ZyB3aWR0aD0iMSIgaGVpZ2h0PSIxIiB4bWxucz0iaHR0cDovL3d3dy53My5vcmcvMjAwMC9zdmciPjwvc3ZnPg==\" style=\"--smush-placeholder-width: 2560px; --smush-placeholder-aspect-ratio: 2560\/1707;\" \/><\/figure><\/li><li class=\"blocks-gallery-item\"><figure><img decoding=\"async\" width=\"2560\" height=\"1707\" data-attachment-id=\"69887\" data-permalink=\"https:\/\/eldiariodesanpedro.com.ar\/sitio\/el-titular-de-la-anses-expreso-su-decision-de-fomentar-y-profundizar-una-politica-contra-la-injusticia-y-la-discriminacion-de-genero\/thumb-3-2\/\" data-orig-file=\"https:\/\/eldiariodesanpedro.com.ar\/sitio\/wp-content\/uploads\/2020\/03\/thumb-3-scaled.jpg\" data-orig-size=\"2560,1707\" data-comments-opened=\"1\" data-image-meta=\"{&quot;aperture&quot;:&quot;0&quot;,&quot;credit&quot;:&quot;&quot;,&quot;camera&quot;:&quot;&quot;,&quot;caption&quot;:&quot;&quot;,&quot;created_timestamp&quot;:&quot;0&quot;,&quot;copyright&quot;:&quot;&quot;,&quot;focal_length&quot;:&quot;0&quot;,&quot;iso&quot;:&quot;0&quot;,&quot;shutter_speed&quot;:&quot;0&quot;,&quot;title&quot;:&quot;&quot;,&quot;orientation&quot;:&quot;0&quot;}\" data-image-title=\"thumb-3\" data-image-description=\"\" data-image-caption=\"\" data-large-file=\"https:\/\/eldiariodesanpedro.com.ar\/sitio\/wp-content\/uploads\/2020\/03\/thumb-3-1024x683.jpg\" data-src=\"https:\/\/i2.wp.com\/eldiariodesanpedro.com.ar\/sitio\/wp-content\/uploads\/2020\/03\/thumb-3-scaled.jpg?fit=640%2C427\" alt=\"\" data-id=\"69887\" data-full-url=\"https:\/\/i2.wp.com\/eldiariodesanpedro.com.ar\/sitio\/wp-content\/uploads\/2020\/03\/thumb-3-scaled.jpg?fit=2560%2C1707\" data-link=\"https:\/\/eldiariodesanpedro.com.ar\/sitio\/?attachment_id=69887\" class=\"wp-image-69887 lazyload\" data-srcset=\"https:\/\/eldiariodesanpedro.com.ar\/sitio\/wp-content\/uploads\/2020\/03\/thumb-3-scaled.jpg 2560w, https:\/\/eldiariodesanpedro.com.ar\/sitio\/wp-content\/uploads\/2020\/03\/thumb-3-300x200.jpg 300w, https:\/\/eldiariodesanpedro.com.ar\/sitio\/wp-content\/uploads\/2020\/03\/thumb-3-1024x683.jpg 1024w, https:\/\/eldiariodesanpedro.com.ar\/sitio\/wp-content\/uploads\/2020\/03\/thumb-3-768x512.jpg 768w, https:\/\/eldiariodesanpedro.com.ar\/sitio\/wp-content\/uploads\/2020\/03\/thumb-3-1536x1024.jpg 1536w, https:\/\/eldiariodesanpedro.com.ar\/sitio\/wp-content\/uploads\/2020\/03\/thumb-3-2048x1365.jpg 2048w\" data-sizes=\"(max-width: 2560px) 100vw, 2560px\" src=\"data:image\/svg+xml;base64,PHN2ZyB3aWR0aD0iMSIgaGVpZ2h0PSIxIiB4bWxucz0iaHR0cDovL3d3dy53My5vcmcvMjAwMC9zdmciPjwvc3ZnPg==\" style=\"--smush-placeholder-width: 2560px; --smush-placeholder-aspect-ratio: 2560\/1707;\" \/><\/figure><\/li><li class=\"blocks-gallery-item\"><figure><img decoding=\"async\" width=\"2560\" height=\"1707\" data-attachment-id=\"69888\" data-permalink=\"https:\/\/eldiariodesanpedro.com.ar\/sitio\/el-titular-de-la-anses-expreso-su-decision-de-fomentar-y-profundizar-una-politica-contra-la-injusticia-y-la-discriminacion-de-genero\/thumb-9\/\" data-orig-file=\"https:\/\/eldiariodesanpedro.com.ar\/sitio\/wp-content\/uploads\/2020\/03\/thumb-scaled.jpg\" data-orig-size=\"2560,1707\" data-comments-opened=\"1\" data-image-meta=\"{&quot;aperture&quot;:&quot;0&quot;,&quot;credit&quot;:&quot;&quot;,&quot;camera&quot;:&quot;&quot;,&quot;caption&quot;:&quot;&quot;,&quot;created_timestamp&quot;:&quot;0&quot;,&quot;copyright&quot;:&quot;&quot;,&quot;focal_length&quot;:&quot;0&quot;,&quot;iso&quot;:&quot;0&quot;,&quot;shutter_speed&quot;:&quot;0&quot;,&quot;title&quot;:&quot;&quot;,&quot;orientation&quot;:&quot;0&quot;}\" data-image-title=\"thumb\" data-image-description=\"\" data-image-caption=\"\" data-large-file=\"https:\/\/eldiariodesanpedro.com.ar\/sitio\/wp-content\/uploads\/2020\/03\/thumb-1024x683.jpg\" data-src=\"https:\/\/i0.wp.com\/eldiariodesanpedro.com.ar\/sitio\/wp-content\/uploads\/2020\/03\/thumb-scaled.jpg?fit=640%2C427\" alt=\"\" data-id=\"69888\" data-full-url=\"https:\/\/i0.wp.com\/eldiariodesanpedro.com.ar\/sitio\/wp-content\/uploads\/2020\/03\/thumb-scaled.jpg?fit=2560%2C1707\" data-link=\"https:\/\/eldiariodesanpedro.com.ar\/sitio\/?attachment_id=69888\" class=\"wp-image-69888 lazyload\" data-srcset=\"https:\/\/eldiariodesanpedro.com.ar\/sitio\/wp-content\/uploads\/2020\/03\/thumb-scaled.jpg 2560w, https:\/\/eldiariodesanpedro.com.ar\/sitio\/wp-content\/uploads\/2020\/03\/thumb-300x200.jpg 300w, https:\/\/eldiariodesanpedro.com.ar\/sitio\/wp-content\/uploads\/2020\/03\/thumb-1024x683.jpg 1024w, https:\/\/eldiariodesanpedro.com.ar\/sitio\/wp-content\/uploads\/2020\/03\/thumb-768x512.jpg 768w, https:\/\/eldiariodesanpedro.com.ar\/sitio\/wp-content\/uploads\/2020\/03\/thumb-1536x1024.jpg 1536w, https:\/\/eldiariodesanpedro.com.ar\/sitio\/wp-content\/uploads\/2020\/03\/thumb-2048x1365.jpg 2048w\" data-sizes=\"(max-width: 2560px) 100vw, 2560px\" src=\"data:image\/svg+xml;base64,PHN2ZyB3aWR0aD0iMSIgaGVpZ2h0PSIxIiB4bWxucz0iaHR0cDovL3d3dy53My5vcmcvMjAwMC9zdmciPjwvc3ZnPg==\" style=\"--smush-placeholder-width: 2560px; --smush-placeholder-aspect-ratio: 2560\/1707;\" \/><\/figure><\/li><\/ul><\/figure>\n","protected":false},"excerpt":{"rendered":"<p>&nbsp;Alejandro Vanoli, expres\u00f3 hoy su decisi\u00f3n de \u201cfomentar y profundizar una pol\u00edtica contra la injusticia y la discriminaci\u00f3n de g\u00e9nero\u201d durante la apertura de la mesa debate&nbsp;G\u00e9neros, Seguridad Social y Cuidados&nbsp;que tuvo lugar en la sede central del organismo. \u201cEsta jornada tiene mucha significaci\u00f3n porque gracias a la lucha colectiva de las mujeres llegamos a [&hellip;]<\/p>\n","protected":false},"author":4,"featured_media":69886,"comment_status":"open","ping_status":"closed","sticky":false,"template":"","format":"standard","meta":{"om_disable_all_campaigns":false,"_jetpack_memberships_contains_paid_content":false,"footnotes":""},"categories":[621],"tags":[],"class_list":["post-69884","post","type-post","status-publish","format-standard","has-post-thumbnail","hentry","category-regionales"],"aioseo_notices":[],"gutentor_comment":0,"jetpack_featured_media_url":"https:\/\/eldiariodesanpedro.com.ar\/sitio\/wp-content\/uploads\/2020\/03\/thumb-2-scaled.jpg","jetpack_shortlink":"https:\/\/wp.me\/p6RhLt-iba","jetpack_sharing_enabled":true,"_links":{"self":[{"href":"https:\/\/eldiariodesanpedro.com.ar\/sitio\/wp-json\/wp\/v2\/posts\/69884","targetHints":{"allow":["GET"]}}],"collection":[{"href":"https:\/\/eldiariodesanpedro.com.ar\/sitio\/wp-json\/wp\/v2\/posts"}],"about":[{"href":"https:\/\/eldiariodesanpedro.com.ar\/sitio\/wp-json\/wp\/v2\/types\/post"}],"author":[{"embeddable":true,"href":"https:\/\/eldiariodesanpedro.com.ar\/sitio\/wp-json\/wp\/v2\/users\/4"}],"replies":[{"embeddable":true,"href":"https:\/\/eldiariodesanpedro.com.ar\/sitio\/wp-json\/wp\/v2\/comments?post=69884"}],"version-history":[{"count":1,"href":"https:\/\/eldiariodesanpedro.com.ar\/sitio\/wp-json\/wp\/v2\/posts\/69884\/revisions"}],"predecessor-version":[{"id":69889,"href":"https:\/\/eldiariodesanpedro.com.ar\/sitio\/wp-json\/wp\/v2\/posts\/69884\/revisions\/69889"}],"wp:featuredmedia":[{"embeddable":true,"href":"https:\/\/eldiariodesanpedro.com.ar\/sitio\/wp-json\/wp\/v2\/media\/69886"}],"wp:attachment":[{"href":"https:\/\/eldiariodesanpedro.com.ar\/sitio\/wp-json\/wp\/v2\/media?parent=69884"}],"wp:term":[{"taxonomy":"category","embeddable":true,"href":"https:\/\/eldiariodesanpedro.com.ar\/sitio\/wp-json\/wp\/v2\/categories?post=69884"},{"taxonomy":"post_tag","embeddable":true,"href":"https:\/\/eldiariodesanpedro.com.ar\/sitio\/wp-json\/wp\/v2\/tags?post=69884"}],"curies":[{"name":"wp","href":"https:\/\/api.w.org\/{rel}","templated":true}]}}