{"id":69877,"date":"2020-03-06T13:09:16","date_gmt":"2020-03-06T16:09:16","guid":{"rendered":"https:\/\/eldiariodesanpedro.com.ar\/sitio\/?p=69877"},"modified":"2020-03-06T13:09:21","modified_gmt":"2020-03-06T16:09:21","slug":"aprehendido-por-golpear-a-su-pareja","status":"publish","type":"post","link":"https:\/\/eldiariodesanpedro.com.ar\/sitio\/aprehendido-por-golpear-a-su-pareja\/","title":{"rendered":"Aprehendido por golpear a su pareja"},"content":{"rendered":"<!-- VideographyWP Plugin Message: Automatic video embedding prevented by plugin options. -->\n\n<p>Sucedi\u00f3 en un domicilio de calle Padre Santana al 1800.<br><\/p>\n\n\n\n<p>Personal policial tras el alerta acude por la noche de este jueves a una vivienda donde una femenina habr\u00eda sido golpeada por su pareja.<br><\/p>\n\n\n\n<p>En el lugar se aprehende al agresor, un masculino de 24 a\u00f1os de edad quien le propin\u00f3 un golpe de pu\u00f1o a la mujer.<br><\/p>\n\n\n\n<p>La victima fue asistida en la comisaria de la mujer. Intervino la Ufi N\u00ba11.<br><\/p>\n","protected":false},"excerpt":{"rendered":"<p>Sucedi\u00f3 en un domicilio de calle Padre Santana al 1800. Personal policial tras el alerta acude por la noche de este jueves a una vivienda donde una femenina habr\u00eda sido golpeada por su pareja. En el lugar se aprehende al agresor, un masculino de 24 a\u00f1os de edad quien le propin\u00f3 un golpe de pu\u00f1o [&hellip;]<\/p>\n","protected":false},"author":4,"featured_media":69879,"comment_status":"open","ping_status":"closed","sticky":false,"template":"","format":"standard","meta":{"om_disable_all_campaigns":false,"_jetpack_memberships_contains_paid_content":false,"footnotes":""},"categories":[2,103],"tags":[],"class_list":["post-69877","post","type-post","status-publish","format-standard","has-post-thumbnail","hentry","category-locales","category-policiales-locales"],"aioseo_notices":[],"gutentor_comment":0,"jetpack_featured_media_url":"https:\/\/eldiariodesanpedro.com.ar\/sitio\/wp-content\/uploads\/2020\/03\/WhatsApp-Image-2020-03-06-at-11.08.36-AM.jpeg","jetpack_shortlink":"https:\/\/wp.me\/p6RhLt-ib3","jetpack_sharing_enabled":true,"_links":{"self":[{"href":"https:\/\/eldiariodesanpedro.com.ar\/sitio\/wp-json\/wp\/v2\/posts\/69877","targetHints":{"allow":["GET"]}}],"collection":[{"href":"https:\/\/eldiariodesanpedro.com.ar\/sitio\/wp-json\/wp\/v2\/posts"}],"about":[{"href":"https:\/\/eldiariodesanpedro.com.ar\/sitio\/wp-json\/wp\/v2\/types\/post"}],"author":[{"embeddable":true,"href":"https:\/\/eldiariodesanpedro.com.ar\/sitio\/wp-json\/wp\/v2\/users\/4"}],"replies":[{"embeddable":true,"href":"https:\/\/eldiariodesanpedro.com.ar\/sitio\/wp-json\/wp\/v2\/comments?post=69877"}],"version-history":[{"count":1,"href":"https:\/\/eldiariodesanpedro.com.ar\/sitio\/wp-json\/wp\/v2\/posts\/69877\/revisions"}],"predecessor-version":[{"id":69880,"href":"https:\/\/eldiariodesanpedro.com.ar\/sitio\/wp-json\/wp\/v2\/posts\/69877\/revisions\/69880"}],"wp:featuredmedia":[{"embeddable":true,"href":"https:\/\/eldiariodesanpedro.com.ar\/sitio\/wp-json\/wp\/v2\/media\/69879"}],"wp:attachment":[{"href":"https:\/\/eldiariodesanpedro.com.ar\/sitio\/wp-json\/wp\/v2\/media?parent=69877"}],"wp:term":[{"taxonomy":"category","embeddable":true,"href":"https:\/\/eldiariodesanpedro.com.ar\/sitio\/wp-json\/wp\/v2\/categories?post=69877"},{"taxonomy":"post_tag","embeddable":true,"href":"https:\/\/eldiariodesanpedro.com.ar\/sitio\/wp-json\/wp\/v2\/tags?post=69877"}],"curies":[{"name":"wp","href":"https:\/\/api.w.org\/{rel}","templated":true}]}}