{"id":69860,"date":"2020-03-06T10:28:48","date_gmt":"2020-03-06T13:28:48","guid":{"rendered":"https:\/\/eldiariodesanpedro.com.ar\/sitio\/?p=69860"},"modified":"2026-01-23T23:52:26","modified_gmt":"2026-01-24T02:52:26","slug":"el-14-de-marzo-dara-inicio-el-torneo-apertura-de-la-liga-infantil","status":"publish","type":"post","link":"https:\/\/eldiariodesanpedro.com.ar\/sitio\/el-14-de-marzo-dara-inicio-el-torneo-apertura-de-la-liga-infantil\/","title":{"rendered":"El 14 de marzo dar\u00e1 inicio el Torneo Apertura de la Liga Infantil"},"content":{"rendered":"<!-- VideographyWP Plugin Message: Automatic video embedding prevented by plugin options. -->\n\n<p>Con un fixture de 23 fechas arranca el Torneo Apertura de la Liga Infantil de San Pedro, jugando con las categor\u00edas femeninas Sub 9 y Sub 12 y en las masculinas 2008, 2009, 2010, 2011, 2012 y 2013. Esta la primera fecha:<\/p>\n\n\n\n<h4 class=\"wp-block-heading\">Gral. San Mart\u00edn -Villa Igoillo<\/h4>\n\n\n\n<h4 class=\"wp-block-heading\">Agricultores-Pescadores<\/h4>\n\n\n\n<h4 class=\"wp-block-heading\">Atl\u00e9tico-Paran\u00e1<\/h4>\n\n\n\n<h4 class=\"wp-block-heading\">Costa Azul-Independencia<\/h4>\n\n\n\n<h4 class=\"wp-block-heading\">Fundici\u00f3n-El Tanque<\/h4>\n\n\n\n<h4 class=\"wp-block-heading\">Mitre-Impacto<\/h4>\n\n\n\n<h4 class=\"wp-block-heading\">Def. Unidos-Rivadavia<\/h4>\n\n\n\n<h4 class=\"wp-block-heading\">Am\u00e9rica-Alsina<\/h4>\n\n\n\n<h4 class=\"wp-block-heading\">Independiente-Sportivo<\/h4>\n\n\n\n<h4 class=\"wp-block-heading\">El Porvenir-Castro FC<\/h4>\n\n\n\n<h4 class=\"wp-block-heading\">San Roque FC -C. C\u00f3rdoba<\/h4>\n\n\n\n<h4 class=\"wp-block-heading\">Libre: los Andes<\/h4>\n\n\n\n<p>Fuente: EL CLASICO DEPORTES<\/p>\n\n\n\n<p><\/p>\n","protected":false},"excerpt":{"rendered":"<p>Con un fixture de 23 fechas arranca el Torneo Apertura de la Liga Infantil de San Pedro, jugando con las categor\u00edas femeninas Sub 9 y Sub 12 y en las masculinas 2008, 2009, 2010, 2011, 2012 y 2013. Esta la primera fecha: Gral. San Mart\u00edn -Villa Igoillo Agricultores-Pescadores Atl\u00e9tico-Paran\u00e1 Costa Azul-Independencia Fundici\u00f3n-El Tanque Mitre-Impacto Def. [&hellip;]<\/p>\n","protected":false},"author":4,"featured_media":69861,"comment_status":"open","ping_status":"closed","sticky":false,"template":"","format":"standard","meta":{"om_disable_all_campaigns":false,"_jetpack_memberships_contains_paid_content":false,"footnotes":""},"categories":[5],"tags":[],"class_list":["post-69860","post","type-post","status-publish","format-standard","has-post-thumbnail","hentry","category-deportes"],"aioseo_notices":[],"gutentor_comment":0,"jetpack_featured_media_url":"https:\/\/eldiariodesanpedro.com.ar\/sitio\/wp-content\/uploads\/2020\/03\/INFANTIL-OFICIAL.jpg","jetpack_shortlink":"https:\/\/wp.me\/p6RhLt-iaM","jetpack_sharing_enabled":true,"_links":{"self":[{"href":"https:\/\/eldiariodesanpedro.com.ar\/sitio\/wp-json\/wp\/v2\/posts\/69860","targetHints":{"allow":["GET"]}}],"collection":[{"href":"https:\/\/eldiariodesanpedro.com.ar\/sitio\/wp-json\/wp\/v2\/posts"}],"about":[{"href":"https:\/\/eldiariodesanpedro.com.ar\/sitio\/wp-json\/wp\/v2\/types\/post"}],"author":[{"embeddable":true,"href":"https:\/\/eldiariodesanpedro.com.ar\/sitio\/wp-json\/wp\/v2\/users\/4"}],"replies":[{"embeddable":true,"href":"https:\/\/eldiariodesanpedro.com.ar\/sitio\/wp-json\/wp\/v2\/comments?post=69860"}],"version-history":[{"count":1,"href":"https:\/\/eldiariodesanpedro.com.ar\/sitio\/wp-json\/wp\/v2\/posts\/69860\/revisions"}],"predecessor-version":[{"id":69862,"href":"https:\/\/eldiariodesanpedro.com.ar\/sitio\/wp-json\/wp\/v2\/posts\/69860\/revisions\/69862"}],"wp:featuredmedia":[{"embeddable":true,"href":"https:\/\/eldiariodesanpedro.com.ar\/sitio\/wp-json\/wp\/v2\/media\/69861"}],"wp:attachment":[{"href":"https:\/\/eldiariodesanpedro.com.ar\/sitio\/wp-json\/wp\/v2\/media?parent=69860"}],"wp:term":[{"taxonomy":"category","embeddable":true,"href":"https:\/\/eldiariodesanpedro.com.ar\/sitio\/wp-json\/wp\/v2\/categories?post=69860"},{"taxonomy":"post_tag","embeddable":true,"href":"https:\/\/eldiariodesanpedro.com.ar\/sitio\/wp-json\/wp\/v2\/tags?post=69860"}],"curies":[{"name":"wp","href":"https:\/\/api.w.org\/{rel}","templated":true}]}}