{"id":69834,"date":"2020-03-06T10:14:21","date_gmt":"2020-03-06T13:14:21","guid":{"rendered":"https:\/\/eldiariodesanpedro.com.ar\/sitio\/?p=69834"},"modified":"2026-01-23T23:52:26","modified_gmt":"2026-01-24T02:52:26","slug":"espindola-sera-el-tercer-sampedrino-que-combate-en-alemania","status":"publish","type":"post","link":"https:\/\/eldiariodesanpedro.com.ar\/sitio\/espindola-sera-el-tercer-sampedrino-que-combate-en-alemania\/","title":{"rendered":"Esp\u00edndola ser\u00e1 el tercer sampedrino que combate en Alemania"},"content":{"rendered":"<!-- VideographyWP Plugin Message: Automatic video embedding prevented by plugin options. -->\n\n<p>Carlos Leyes y Fabi\u00e1n Valent\u00edn Mart\u00ednez son los dos pugilistas locales que combatieron en una oportunidad en Alemania. Leyes lo hizo como amateur en los Juegos Ol\u00edmpicos\u00a0 de Munich y Mart\u00ednez (foto) como Profesional en 2006.\u00a0<\/p>\n\n\n\n<p>Entre el 26 de agosto y 11 de septiembre de 1972 se llev\u00f3 a cabo los XX\u00b0 Juegos Ol\u00edmpicos en Munich, Alemania, viajando con la delegaci\u00f3n de siete boxeadores argentinos Carlos Leyes en la categor\u00eda mosca jrs, quien se enfrent\u00f3 a I. Ivanov de la vieja Uni\u00f3n Sovietica (URSS), cayendo por puntos 3 a 2 en las tarjetas. La delegaci\u00f3n argentina tuvo como t\u00e9cnicos a don Ubaldo Sacco (p) y H\u00e9ctor Mora. En esa selecci\u00f3n entre otros lo hicieron Mario \u00abCirujano\u00bb Ortiz y el pesado Miguel Cuello, quienes luego como profesionales fueron figura. Leyes es nacido en Curuz\u00fa Cuatia, Corrientes, pero se afinc\u00f3 en San Pedro desde donde hizo toda su carrera como boxeador tendiendo en el rinc\u00f3n al recordado \u00abChacho\u00bb P\u00e9rez en Paran\u00e1 FC.<\/p>\n\n\n\n<h4 class=\"wp-block-heading\">Cabe destacar que tambi\u00e9n los Juegos Ol\u00edmpicos, pero en Londres (Inglaterra, XlV\u00b0 juegos, logrando Pascual P\u00e9rez la primera medalla de oro para argentina en ese deporte) y Helsinki (Finlandia, XV\u00b0) lo hizo Rinaldo Ansaloni.<\/h4>\n\n\n\n<figure class=\"wp-block-image size-large\"><img decoding=\"async\" width=\"640\" height=\"384\" data-attachment-id=\"69836\" data-permalink=\"https:\/\/eldiariodesanpedro.com.ar\/sitio\/espindola-sera-el-tercer-sampedrino-que-combate-en-alemania\/martinez-tajbert-2006\/\" data-orig-file=\"https:\/\/eldiariodesanpedro.com.ar\/sitio\/wp-content\/uploads\/2020\/03\/martinez-tajbert-2006.jpg\" data-orig-size=\"640,384\" data-comments-opened=\"1\" data-image-meta=\"{&quot;aperture&quot;:&quot;0&quot;,&quot;credit&quot;:&quot;&quot;,&quot;camera&quot;:&quot;&quot;,&quot;caption&quot;:&quot;&quot;,&quot;created_timestamp&quot;:&quot;0&quot;,&quot;copyright&quot;:&quot;&quot;,&quot;focal_length&quot;:&quot;0&quot;,&quot;iso&quot;:&quot;0&quot;,&quot;shutter_speed&quot;:&quot;0&quot;,&quot;title&quot;:&quot;&quot;,&quot;orientation&quot;:&quot;0&quot;}\" data-image-title=\"martinez-tajbert-2006\" data-image-description=\"\" data-image-caption=\"\" data-large-file=\"https:\/\/eldiariodesanpedro.com.ar\/sitio\/wp-content\/uploads\/2020\/03\/martinez-tajbert-2006.jpg\" data-src=\"https:\/\/eldiariodesanpedro.com.ar\/sitio\/wp-content\/uploads\/2020\/03\/martinez-tajbert-2006.jpg\" alt=\"\" class=\"wp-image-69836 lazyload\" data-srcset=\"https:\/\/eldiariodesanpedro.com.ar\/sitio\/wp-content\/uploads\/2020\/03\/martinez-tajbert-2006.jpg 640w, https:\/\/eldiariodesanpedro.com.ar\/sitio\/wp-content\/uploads\/2020\/03\/martinez-tajbert-2006-300x180.jpg 300w\" data-sizes=\"(max-width: 640px) 100vw, 640px\" src=\"data:image\/svg+xml;base64,PHN2ZyB3aWR0aD0iMSIgaGVpZ2h0PSIxIiB4bWxucz0iaHR0cDovL3d3dy53My5vcmcvMjAwMC9zdmciPjwvc3ZnPg==\" style=\"--smush-placeholder-width: 640px; --smush-placeholder-aspect-ratio: 640\/384;\" \/><\/figure>\n\n\n\n<p>Fabi\u00e1n Valent\u00edn Mart\u00ednez (16-19-4) viaj\u00f3 a Hamburgo, m\u00e1s precisamente al distrito&nbsp;<em>Wandsbek<\/em>&nbsp; (son siete distritos que corresponden a esa populosa ciudad alemana) el 21\/11\/2006. Se enfrent\u00f3 a Vitali Tajbert (24-2-0), quien tiempo m\u00e1s tarde fuera campe\u00f3n europeo e interino mundial en la cat. ligero en el a\u00f1o 2009 (Mart\u00ednez era un Pluma natural) cayendo por puntos tras 10 arduos asaltos en el Universum Gym. Para Mart\u00ednez fue su primera y \u00fanica pelea en el exterior.<\/p>\n\n\n\n<p>Mart\u00ednez fue campe\u00f3n argentino de una nueva asociaci\u00f3n en el pa\u00eds, por aquel momento Asoc. de Boxeo Profesional (ABP), cuando super\u00f3 a Eduardo Ramos en el Sal\u00f3n Tattersall del Hip\u00f3dromo de San Isidro el 19 de mayo de 2006 y luego lo defendi\u00f3 con \u00e9xito en San Pedro en un gimnasio municipal colmado ante el veterano Miguel Albarado a quien le gan\u00f3 por puntos.<\/p>\n\n\n\n<p>Kev\u00edn Nicol\u00e1s Esp\u00edndola ser\u00e1 el tercero de nuestra tierra que compita en Alemania y el primero, luego de Lorenzo Luis Garc\u00eda, que lo har\u00e1 por un t\u00edtulo internacional.<\/p>\n\n\n\n<p>Se enfrentara  al campe\u00f3n Peter Kadiru (7-0-0, 3Ko) el pr\u00f3ximo 28 de marzo en el GETEC Arena, Magdeburg. Kevin Nicol\u00e1s Esp\u00edndola (6-1-0, 2Ko), ex representante argentino ol\u00edmpico en Nanjing e integrante del equipo nacional \u00abLos Condores\u00bb tendr\u00e1 una chance a nivel mundial para no desaprovechar.\u00a0<\/p>\n\n\n\n<p>El\u00a0t\u00edtulo de la juventud del\u00a0Consejo Mundial de Boxeo, es de los campeonatos regionales para\u00a0boxeadores profesionales m\u00e1s importante del mundo y es el paso previo al reconocimiento en el mundo del boxeo.<\/p>\n\n\n\n<figure class=\"wp-block-image size-large\"><img decoding=\"async\" width=\"800\" height=\"640\" data-attachment-id=\"69850\" data-permalink=\"https:\/\/eldiariodesanpedro.com.ar\/sitio\/espindola-sera-el-tercer-sampedrino-que-combate-en-alemania\/kevin-kadiru\/\" data-orig-file=\"https:\/\/eldiariodesanpedro.com.ar\/sitio\/wp-content\/uploads\/2020\/03\/kevin-kadiru.jpg\" data-orig-size=\"800,640\" data-comments-opened=\"1\" data-image-meta=\"{&quot;aperture&quot;:&quot;0&quot;,&quot;credit&quot;:&quot;&quot;,&quot;camera&quot;:&quot;&quot;,&quot;caption&quot;:&quot;&quot;,&quot;created_timestamp&quot;:&quot;0&quot;,&quot;copyright&quot;:&quot;&quot;,&quot;focal_length&quot;:&quot;0&quot;,&quot;iso&quot;:&quot;0&quot;,&quot;shutter_speed&quot;:&quot;0&quot;,&quot;title&quot;:&quot;&quot;,&quot;orientation&quot;:&quot;0&quot;}\" data-image-title=\"kevin-kadiru\" data-image-description=\"\" data-image-caption=\"\" data-large-file=\"https:\/\/eldiariodesanpedro.com.ar\/sitio\/wp-content\/uploads\/2020\/03\/kevin-kadiru.jpg\" data-src=\"https:\/\/eldiariodesanpedro.com.ar\/sitio\/wp-content\/uploads\/2020\/03\/kevin-kadiru.jpg\" alt=\"\" class=\"wp-image-69850 lazyload\" data-srcset=\"https:\/\/eldiariodesanpedro.com.ar\/sitio\/wp-content\/uploads\/2020\/03\/kevin-kadiru.jpg 800w, https:\/\/eldiariodesanpedro.com.ar\/sitio\/wp-content\/uploads\/2020\/03\/kevin-kadiru-300x240.jpg 300w, https:\/\/eldiariodesanpedro.com.ar\/sitio\/wp-content\/uploads\/2020\/03\/kevin-kadiru-768x614.jpg 768w\" data-sizes=\"(max-width: 800px) 100vw, 800px\" src=\"data:image\/svg+xml;base64,PHN2ZyB3aWR0aD0iMSIgaGVpZ2h0PSIxIiB4bWxucz0iaHR0cDovL3d3dy53My5vcmcvMjAwMC9zdmciPjwvc3ZnPg==\" style=\"--smush-placeholder-width: 800px; --smush-placeholder-aspect-ratio: 800\/640;\" \/><\/figure>\n\n\n\n<p>Peter Kadiru (22 a\u00f1os) realiz\u00f3 seis peleas en Alemania y otra en Estados Unidos (derrot\u00f3 por puntosa Juan torres -3-1-1- en el MGM Grand, Grand Garden Arena, Las Vegas, est\u00e1 invicto en la categor\u00eda pesados, la de mayor reconocimiento y taquilla en el boxeo. Logr\u00f3 ce\u00f1irse del cintur\u00f3n el pasado al derrotar por KO al ruso Tom\u00e1s Salek (11-1-0, 9 Ko) en Edel-Optics. de Arena, Hamburgo. Ser\u00e1 su primera defensa ante el argentino.<\/p>\n\n\n\n<p>Esp\u00edndola entrena bajo la supervisi\u00f3n del profesor Mat\u00edas Erbin, ya que lo hace desde hace varios meses con gente de su equipo en nuestra ciudad, adem\u00e1s de Jos\u00e9 Cancelo e Ismael Ibarrolla en la parte t\u00e9cnica, pero deber\u00e1 trasladarse a un destino donde tenga boxeadores de su talla para guantear, lo que no hay en San Pedro, pero antes deber\u00e1 conseguir sponsors para poder solventar su estad\u00eda previa de concentraci\u00f3n y llegar en las mejores condiciones f\u00edsicas y t\u00e9cnicas a ese pleito a nivel mundial, el que puede significar mucho en su carrera deportiva.<\/p>\n\n\n\n<h4 class=\"wp-block-heading\">Nota: H\u00e9ctor Albano, El Cl\u00e1sico Deportes<\/h4>\n","protected":false},"excerpt":{"rendered":"<p>Carlos Leyes y Fabi\u00e1n Valent\u00edn Mart\u00ednez son los dos pugilistas locales que combatieron en una oportunidad en Alemania. Leyes lo hizo como amateur en los Juegos Ol\u00edmpicos\u00a0 de Munich y Mart\u00ednez (foto) como Profesional en 2006.\u00a0 Entre el 26 de agosto y 11 de septiembre de 1972 se llev\u00f3 a cabo los XX\u00b0 Juegos Ol\u00edmpicos [&hellip;]<\/p>\n","protected":false},"author":4,"featured_media":69844,"comment_status":"open","ping_status":"closed","sticky":false,"template":"","format":"standard","meta":{"om_disable_all_campaigns":false,"_jetpack_memberships_contains_paid_content":false,"footnotes":""},"categories":[5],"tags":[],"class_list":["post-69834","post","type-post","status-publish","format-standard","has-post-thumbnail","hentry","category-deportes"],"aioseo_notices":[],"gutentor_comment":0,"jetpack_featured_media_url":"https:\/\/eldiariodesanpedro.com.ar\/sitio\/wp-content\/uploads\/2020\/03\/87394724_3437405272941221_1051991980764037120_n.jpg","jetpack_shortlink":"https:\/\/wp.me\/p6RhLt-iam","jetpack_sharing_enabled":true,"_links":{"self":[{"href":"https:\/\/eldiariodesanpedro.com.ar\/sitio\/wp-json\/wp\/v2\/posts\/69834","targetHints":{"allow":["GET"]}}],"collection":[{"href":"https:\/\/eldiariodesanpedro.com.ar\/sitio\/wp-json\/wp\/v2\/posts"}],"about":[{"href":"https:\/\/eldiariodesanpedro.com.ar\/sitio\/wp-json\/wp\/v2\/types\/post"}],"author":[{"embeddable":true,"href":"https:\/\/eldiariodesanpedro.com.ar\/sitio\/wp-json\/wp\/v2\/users\/4"}],"replies":[{"embeddable":true,"href":"https:\/\/eldiariodesanpedro.com.ar\/sitio\/wp-json\/wp\/v2\/comments?post=69834"}],"version-history":[{"count":2,"href":"https:\/\/eldiariodesanpedro.com.ar\/sitio\/wp-json\/wp\/v2\/posts\/69834\/revisions"}],"predecessor-version":[{"id":69853,"href":"https:\/\/eldiariodesanpedro.com.ar\/sitio\/wp-json\/wp\/v2\/posts\/69834\/revisions\/69853"}],"wp:featuredmedia":[{"embeddable":true,"href":"https:\/\/eldiariodesanpedro.com.ar\/sitio\/wp-json\/wp\/v2\/media\/69844"}],"wp:attachment":[{"href":"https:\/\/eldiariodesanpedro.com.ar\/sitio\/wp-json\/wp\/v2\/media?parent=69834"}],"wp:term":[{"taxonomy":"category","embeddable":true,"href":"https:\/\/eldiariodesanpedro.com.ar\/sitio\/wp-json\/wp\/v2\/categories?post=69834"},{"taxonomy":"post_tag","embeddable":true,"href":"https:\/\/eldiariodesanpedro.com.ar\/sitio\/wp-json\/wp\/v2\/tags?post=69834"}],"curies":[{"name":"wp","href":"https:\/\/api.w.org\/{rel}","templated":true}]}}