{"id":69833,"date":"2020-03-06T10:09:14","date_gmt":"2020-03-06T13:09:14","guid":{"rendered":"https:\/\/eldiariodesanpedro.com.ar\/sitio\/?p=69833"},"modified":"2020-03-06T10:09:21","modified_gmt":"2020-03-06T13:09:21","slug":"san-nicolas-secuestraron-cocaina-y-marihuana-en-procedimiento","status":"publish","type":"post","link":"https:\/\/eldiariodesanpedro.com.ar\/sitio\/san-nicolas-secuestraron-cocaina-y-marihuana-en-procedimiento\/","title":{"rendered":"SAN NICOL\u00c1S | Secuestraron coca\u00edna y marihuana en procedimiento"},"content":{"rendered":"<!-- VideographyWP Plugin Message: Automatic video embedding prevented by plugin options. -->\n\n<p>\n\nSe llevaron a cabo cuatro allanamientos en San Nicol\u00e1s que dieron como resultado secuestros de 414 gramos de coca\u00edna y 23 gramos de marihuana, logrando tres detenidos. Formaban parte de una banda que comercializaban en la regi\u00f3n. La investigaci\u00f3n est\u00e1 a cargo del Fiscal Dr M\u00fagica D\u00edaz.<\/p>\n\n\n\n<p>Los tres primeros allanamientos se realizaron en la zona oeste de nuestra ciudad, en calle Alberdi al 1500 aproximadamente, all\u00ed se procedi\u00f3 al secuestro de 222 envoltorios de nylon con coca\u00edna, envoltorio de nylon con marihuana, tel\u00e9fonos celulares, dinero en efectivo, pastillas de psicof\u00e1rmacos, recortes de nylon, con la aprehensi\u00f3n de una mujer de 60 a\u00f1os de edad.<\/p>\n\n\n\n<p>En otro domicilio ubicado en calle Baldrich 1500 aproximadamente, all\u00ed se procedi\u00f3 al secuestro de 401 envoltorios de nylon con coca\u00edna, 4 tel\u00e9fonos celulares, dinero en efectivo, y se procedi\u00f3 a la aprehensi\u00f3n de un sujeto de 37 a\u00f1os de edad, quien resultaba ser el principal investigado apodado \u00abel Noni\u00bb.<br>Tambi\u00e9n se allan\u00f3 en calle Rucci s\/n entre Av. Alberdi y Baldrich, siendo este un local de venta de aberturas, en cual arroj\u00f3 resultado negativo para la investigaci\u00f3n.<\/p>\n\n\n\n<p>En tanto el ultimo allanamiento se realiz\u00f3 en en Av. Alberdi 1600, donde se secuestr\u00f3 tel\u00e9fonos celulares, anotaciones de inter\u00e9s para la investigaci\u00f3n, dinero en efectivo, con la aprensi\u00f3n de un sujeto de 41 a\u00f1os de edad. <\/p>\n\n\n\n<p>Fuente: Diario El Informante<\/p>\n","protected":false},"excerpt":{"rendered":"<p>Se llevaron a cabo cuatro allanamientos en San Nicol\u00e1s que dieron como resultado secuestros de 414 gramos de coca\u00edna y 23 gramos de marihuana, logrando tres detenidos. Formaban parte de una banda que comercializaban en la regi\u00f3n. La investigaci\u00f3n est\u00e1 a cargo del Fiscal Dr M\u00fagica D\u00edaz. Los tres primeros allanamientos se realizaron en la [&hellip;]<\/p>\n","protected":false},"author":4,"featured_media":69835,"comment_status":"open","ping_status":"closed","sticky":false,"template":"","format":"standard","meta":{"om_disable_all_campaigns":false,"_jetpack_memberships_contains_paid_content":false,"footnotes":""},"categories":[621],"tags":[],"class_list":["post-69833","post","type-post","status-publish","format-standard","has-post-thumbnail","hentry","category-regionales"],"aioseo_notices":[],"gutentor_comment":0,"jetpack_featured_media_url":"https:\/\/eldiariodesanpedro.com.ar\/sitio\/wp-content\/uploads\/2020\/03\/no_ft2jua6o7y92u3d20200306_095705_0000.png","jetpack_shortlink":"https:\/\/wp.me\/p6RhLt-ial","jetpack_sharing_enabled":true,"_links":{"self":[{"href":"https:\/\/eldiariodesanpedro.com.ar\/sitio\/wp-json\/wp\/v2\/posts\/69833","targetHints":{"allow":["GET"]}}],"collection":[{"href":"https:\/\/eldiariodesanpedro.com.ar\/sitio\/wp-json\/wp\/v2\/posts"}],"about":[{"href":"https:\/\/eldiariodesanpedro.com.ar\/sitio\/wp-json\/wp\/v2\/types\/post"}],"author":[{"embeddable":true,"href":"https:\/\/eldiariodesanpedro.com.ar\/sitio\/wp-json\/wp\/v2\/users\/4"}],"replies":[{"embeddable":true,"href":"https:\/\/eldiariodesanpedro.com.ar\/sitio\/wp-json\/wp\/v2\/comments?post=69833"}],"version-history":[{"count":1,"href":"https:\/\/eldiariodesanpedro.com.ar\/sitio\/wp-json\/wp\/v2\/posts\/69833\/revisions"}],"predecessor-version":[{"id":69837,"href":"https:\/\/eldiariodesanpedro.com.ar\/sitio\/wp-json\/wp\/v2\/posts\/69833\/revisions\/69837"}],"wp:featuredmedia":[{"embeddable":true,"href":"https:\/\/eldiariodesanpedro.com.ar\/sitio\/wp-json\/wp\/v2\/media\/69835"}],"wp:attachment":[{"href":"https:\/\/eldiariodesanpedro.com.ar\/sitio\/wp-json\/wp\/v2\/media?parent=69833"}],"wp:term":[{"taxonomy":"category","embeddable":true,"href":"https:\/\/eldiariodesanpedro.com.ar\/sitio\/wp-json\/wp\/v2\/categories?post=69833"},{"taxonomy":"post_tag","embeddable":true,"href":"https:\/\/eldiariodesanpedro.com.ar\/sitio\/wp-json\/wp\/v2\/tags?post=69833"}],"curies":[{"name":"wp","href":"https:\/\/api.w.org\/{rel}","templated":true}]}}