{"id":69831,"date":"2020-03-06T10:06:20","date_gmt":"2020-03-06T13:06:20","guid":{"rendered":"https:\/\/eldiariodesanpedro.com.ar\/sitio\/?p=69831"},"modified":"2020-03-06T10:09:51","modified_gmt":"2020-03-06T13:09:51","slug":"san-nicolas-nuevas-estafas-bajo-la-modalidad-del-cuento-del-tio","status":"publish","type":"post","link":"https:\/\/eldiariodesanpedro.com.ar\/sitio\/san-nicolas-nuevas-estafas-bajo-la-modalidad-del-cuento-del-tio\/","title":{"rendered":"SAN NICOL\u00c1S | Nuevas estafas bajo la modalidad del cuento del t\u00edo"},"content":{"rendered":"<!-- VideographyWP Plugin Message: Automatic video embedding prevented by plugin options. -->\n\n<p>\n\nDurante la jornada del jueves, se sentaron dos denuncias por estafas en San Nicol\u00e1s. En esta oportunidad, uno de los delitos se cometi\u00f3 por tel\u00e9fono y el otro a trav\u00e9s de una red social.<\/p>\n\n\n\n<p>Una de las v\u00edctimas fue una mujer de 80 a\u00f1os. La abuela recibi\u00f3 un llamado telef\u00f3nico por parte de un hombre que le dijo que ten\u00edan secuestrado a su hijo. La obligaron a juntar todo su dinero y minutos despu\u00e9s pas\u00f3 un sujeto por su casa para retirarlo aprovech\u00e1ndose de la desesperaci\u00f3n de la mujer. Se llevaron 2000 d\u00f3lares y 25 mil pesos.<\/p>\n\n\n\n<p>El otro hecho ocurri\u00f3 a trav\u00e9s de Facebook. Una mujer de 42 a\u00f1os recib\u00f3 un mensaje que le ofrec\u00eda acceder a un cr\u00e9dito, pero para que el mismo fuera acreditado deb\u00eda depositar 20 mil pesos en una cuenta bancaria. Tras una larga conversaci\u00f3n, lograron persuadir a la mujer, quien decidi\u00f3 seguir los pasos y luego de hacer el dep\u00f3sito, la cuenta de Facebook con la que estaba hablando, desapareci\u00f3.<\/p>\n\n\n\n<p>Tambi\u00e9n hubieron otras 3 tentativas de estafas, pero las v\u00edctimas lograron advertir la maniobra y cortaron la comunicaci\u00f3n telef\u00f3nica. Los blancos de los delincuentes fueron una mujer de 54 a\u00f1os domiciliada en La Emilia; otra de 79 a\u00f1os; y un hombre de 86 a\u00f1os. <\/p>\n\n\n\n<p>Fuente: Diario El Informante<\/p>\n","protected":false},"excerpt":{"rendered":"<p>Durante la jornada del jueves, se sentaron dos denuncias por estafas en San Nicol\u00e1s. En esta oportunidad, uno de los delitos se cometi\u00f3 por tel\u00e9fono y el otro a trav\u00e9s de una red social. Una de las v\u00edctimas fue una mujer de 80 a\u00f1os. La abuela recibi\u00f3 un llamado telef\u00f3nico por parte de un hombre [&hellip;]<\/p>\n","protected":false},"author":4,"featured_media":69838,"comment_status":"open","ping_status":"closed","sticky":false,"template":"","format":"standard","meta":{"om_disable_all_campaigns":false,"_jetpack_memberships_contains_paid_content":false,"footnotes":""},"categories":[621],"tags":[],"class_list":["post-69831","post","type-post","status-publish","format-standard","has-post-thumbnail","hentry","category-regionales"],"aioseo_notices":[],"gutentor_comment":0,"jetpack_featured_media_url":"https:\/\/eldiariodesanpedro.com.ar\/sitio\/wp-content\/uploads\/2020\/03\/no_cqgzeqv1yubtky0no_2cm94as6vdavdp4nop1b2b4b6aj1cj41o9e9ffecuagr1.jpg","jetpack_shortlink":"https:\/\/wp.me\/p6RhLt-iaj","jetpack_sharing_enabled":true,"_links":{"self":[{"href":"https:\/\/eldiariodesanpedro.com.ar\/sitio\/wp-json\/wp\/v2\/posts\/69831","targetHints":{"allow":["GET"]}}],"collection":[{"href":"https:\/\/eldiariodesanpedro.com.ar\/sitio\/wp-json\/wp\/v2\/posts"}],"about":[{"href":"https:\/\/eldiariodesanpedro.com.ar\/sitio\/wp-json\/wp\/v2\/types\/post"}],"author":[{"embeddable":true,"href":"https:\/\/eldiariodesanpedro.com.ar\/sitio\/wp-json\/wp\/v2\/users\/4"}],"replies":[{"embeddable":true,"href":"https:\/\/eldiariodesanpedro.com.ar\/sitio\/wp-json\/wp\/v2\/comments?post=69831"}],"version-history":[{"count":1,"href":"https:\/\/eldiariodesanpedro.com.ar\/sitio\/wp-json\/wp\/v2\/posts\/69831\/revisions"}],"predecessor-version":[{"id":69832,"href":"https:\/\/eldiariodesanpedro.com.ar\/sitio\/wp-json\/wp\/v2\/posts\/69831\/revisions\/69832"}],"wp:featuredmedia":[{"embeddable":true,"href":"https:\/\/eldiariodesanpedro.com.ar\/sitio\/wp-json\/wp\/v2\/media\/69838"}],"wp:attachment":[{"href":"https:\/\/eldiariodesanpedro.com.ar\/sitio\/wp-json\/wp\/v2\/media?parent=69831"}],"wp:term":[{"taxonomy":"category","embeddable":true,"href":"https:\/\/eldiariodesanpedro.com.ar\/sitio\/wp-json\/wp\/v2\/categories?post=69831"},{"taxonomy":"post_tag","embeddable":true,"href":"https:\/\/eldiariodesanpedro.com.ar\/sitio\/wp-json\/wp\/v2\/tags?post=69831"}],"curies":[{"name":"wp","href":"https:\/\/api.w.org\/{rel}","templated":true}]}}